{"id":5956,"date":"2019-07-19T09:57:49","date_gmt":"2019-07-19T13:57:49","guid":{"rendered":"http:\/\/www.notaoficial.com\/s\/?p=5956"},"modified":"2019-07-19T09:57:49","modified_gmt":"2019-07-19T13:57:49","slug":"nuevo-remix-de-second-firmado-por-glas-en-otra-dimension","status":"publish","type":"post","link":"https:\/\/www.notaoficial.com\/s\/2019\/07\/19\/nuevo-remix-de-second-firmado-por-glas-en-otra-dimension\/","title":{"rendered":"Nuevo remix de second firmado por glas \u00abEn Otra Dimensi\u00f3n\u00bb"},"content":{"rendered":"<p style=\"text-align: center;\">Por Jean Carlos Ranauro<\/p>\n<p><strong>Second<\/strong> contin\u00faa presentando los <strong>remixes<\/strong> de algunos de los temas de su m\u00e1s reciente \u00e1lbum, <em><strong>Anillos y Ra\u00edces. <\/strong><\/em>Hace unos d\u00edas el Dj Mario Miranda estrenaba en su sesi\u00f3n del<em>\u00a0<\/em><strong>Festival de los Sentidos<\/strong>\u00a0el <strong>remix<\/strong> que <strong>David Van Bylen<\/strong> ha hecho del tema <strong><em>Mira a la gente <\/em><\/strong>de los murcianos. Y esta pasada semana ha sido el turno de la <strong>remezcla de <em>En otra dimensi\u00f3n<\/em><\/strong> realizada por<strong> Glas<\/strong> y que <strong>sali\u00f3 a la luz en exclusiva en el Facebook del BBK Live<\/strong> el pasado 10 de julio, dos d\u00edas antes de la actuaci\u00f3n de Second en ese mismo festival.<\/p>\n<p>El\u00a0<strong>remix<\/strong> de <strong><em>En otra dimensi\u00f3n <\/em><\/strong>ya se puede encontrar en <a href=\"http:\/\/eomusica.trckacbm.com\/url\/ver\/39633623\/\/767726\/cefjkSeSwBR8ODTw5ldWUKJkdv5XkpIw1kvAEOzD\" target=\"_blank\" rel=\"noopener\" data-saferedirecturl=\"https:\/\/www.google.com\/url?q=http:\/\/eomusica.trckacbm.com\/url\/ver\/39633623\/\/767726\/cefjkSeSwBR8ODTw5ldWUKJkdv5XkpIw1kvAEOzD&amp;source=gmail&amp;ust=1563630808957000&amp;usg=AFQjCNFd1BJy_H4Cdoo6LMLARkjMwDzQRg\">Spotify<\/a>, <a href=\"http:\/\/eomusica.trckacbm.com\/url\/ver\/39633624\/\/767726\/cefjkSeSwBR8ODTw5ldWUKJkdv5XkpIw1kvAEOzD\" target=\"_blank\" rel=\"noopener\" data-saferedirecturl=\"https:\/\/www.google.com\/url?q=http:\/\/eomusica.trckacbm.com\/url\/ver\/39633624\/\/767726\/cefjkSeSwBR8ODTw5ldWUKJkdv5XkpIw1kvAEOzD&amp;source=gmail&amp;ust=1563630808957000&amp;usg=AFQjCNEsL4reDfiPrEDpGMo339_woHTNzQ\">iTunes<\/a>, <a href=\"http:\/\/eomusica.trckacbm.com\/url\/ver\/39633625\/\/767726\/cefjkSeSwBR8ODTw5ldWUKJkdv5XkpIw1kvAEOzD\" target=\"_blank\" rel=\"noopener\" data-saferedirecturl=\"https:\/\/www.google.com\/url?q=http:\/\/eomusica.trckacbm.com\/url\/ver\/39633625\/\/767726\/cefjkSeSwBR8ODTw5ldWUKJkdv5XkpIw1kvAEOzD&amp;source=gmail&amp;ust=1563630808957000&amp;usg=AFQjCNGETnt_X93tesGyXGfm2bZXUe1e6Q\">Apple Music<\/a> y en el canal de YouTube de la banda. Pr\u00f3ximamente Second ir\u00e1 sorprendiendo con<strong> nuevas remezclas<\/strong>. Mientras tanto, se puede disfrutar de su directo en varios festivales nacionales.<\/p>\n<p><strong>GIRA ANILLOS Y RA\u00cdCES SECOND<\/strong><\/p>\n<p>20 de julio. Contempopranea<br \/>\n27 de julio. Low Festival<br \/>\n2 de agosto. Santander Music<br \/>\n3 de agosto. Arenal Sound<br \/>\n9 de agosto. Sonorama<br \/>\n16 de agosto. No sin m\u00fasica<br \/>\n17 de agosto. Cooltural Fest<br \/>\n23 y 24 de agosto. Mediterr\u00e1nea<\/p>\n<p>30 de agosto. Estaciones Sonoras<br \/>\n31 de agosto. Festival Gigante<\/p>\n<p>13 de septiembre. Live The Roof Gij\u00f3n (Entradas agotadas)<\/p>\n<p>14 de septiembre. Live The Roof Donosti (Entradas agotadas)<\/p>\n<p>15 de septiembre. Live The Roof Barcelona (Entradas agotadas)<\/p>\n<p>20 y 21 de septiembre. Granada Sound<br \/>\n27 y 28 de septiembre. Sum Festival<\/p>\n<div id=\"ritekit-alerts\"><\/div>\n","protected":false},"excerpt":{"rendered":"<p>Por Jean Carlos Ranauro Second contin\u00faa presentando los remixes de algunos de los temas de su m\u00e1s reciente \u00e1lbum, Anillos y Ra\u00edces. Hace unos d\u00edas el Dj Mario Miranda estrenaba en su sesi\u00f3n del\u00a0Festival de los Sentidos\u00a0el remix que David Van Bylen ha hecho del tema Mira a la gente de los murcianos. Y esta [&hellip;]<\/p>\n","protected":false},"author":2,"featured_media":5957,"comment_status":"closed","ping_status":"open","sticky":false,"template":"","format":"standard","meta":[],"categories":[146],"tags":[6943,7181,7155,7156,7182,3804],"wppr_data":[],"_links":{"self":[{"href":"https:\/\/www.notaoficial.com\/s\/wp-json\/wp\/v2\/posts\/5956"}],"collection":[{"href":"https:\/\/www.notaoficial.com\/s\/wp-json\/wp\/v2\/posts"}],"about":[{"href":"https:\/\/www.notaoficial.com\/s\/wp-json\/wp\/v2\/types\/post"}],"author":[{"embeddable":true,"href":"https:\/\/www.notaoficial.com\/s\/wp-json\/wp\/v2\/users\/2"}],"replies":[{"embeddable":true,"href":"https:\/\/www.notaoficial.com\/s\/wp-json\/wp\/v2\/comments?post=5956"}],"version-history":[{"count":1,"href":"https:\/\/www.notaoficial.com\/s\/wp-json\/wp\/v2\/posts\/5956\/revisions"}],"predecessor-version":[{"id":5958,"href":"https:\/\/www.notaoficial.com\/s\/wp-json\/wp\/v2\/posts\/5956\/revisions\/5958"}],"wp:featuredmedia":[{"embeddable":true,"href":"https:\/\/www.notaoficial.com\/s\/wp-json\/wp\/v2\/media\/5957"}],"wp:attachment":[{"href":"https:\/\/www.notaoficial.com\/s\/wp-json\/wp\/v2\/media?parent=5956"}],"wp:term":[{"taxonomy":"category","embeddable":true,"href":"https:\/\/www.notaoficial.com\/s\/wp-json\/wp\/v2\/categories?post=5956"},{"taxonomy":"post_tag","embeddable":true,"href":"https:\/\/www.notaoficial.com\/s\/wp-json\/wp\/v2\/tags?post=5956"}],"curies":[{"name":"wp","href":"https:\/\/api.w.org\/{rel}","templated":true}]}}