{"id":5975,"date":"2019-07-21T06:42:26","date_gmt":"2019-07-21T10:42:26","guid":{"rendered":"http:\/\/www.notaoficial.com\/s\/?p=5975"},"modified":"2019-07-21T04:45:52","modified_gmt":"2019-07-21T08:45:52","slug":"abel-le-canta-al-despecho-con-no-sabes","status":"publish","type":"post","link":"https:\/\/www.notaoficial.com\/s\/2019\/07\/21\/abel-le-canta-al-despecho-con-no-sabes\/","title":{"rendered":"Abel le canta al despecho con \u201cNo sabes\u201d"},"content":{"rendered":"<p><strong>Abel sigue abri\u00e9ndose su propio camino en el tan competitivo mercado venezolano. <\/strong><\/p>\n<p>Y es que, luego de haber regresado a la palestra musical con el sencillo \u201cB\u00e1ilame\u201d, <strong>el cantautor sigue haciendo gala de su diversidad e innovaci\u00f3n musical con el single \u201cNo sabes\u201d<\/strong>, tema que le canta al despecho pero sin alejarse de los sonidos actuales.<strong> \u201cEsta historia trata de una pareja que se extra\u00f1a pero que no puede estar junta<\/strong> \u2013comenta Abel. <strong>Este tipo de situaciones son muy comunes hoy en d\u00eda y quise reflejar eso en esta canci\u00f3n<\/strong> pues es algo que le puede suceder a cualquiera\u201d.<\/p>\n<p>\u201cNo sabes\u201d estuvo bajo la producci\u00f3n de Derek Rousse, de Maracay, con el que el talentoso int\u00e9rprete ya ha trabajado en anteriores oportunidades y, en esta ocasi\u00f3n, siguen ofreciendo sonidos distintos al p\u00fablico.<\/p>\n<p><strong>Adem\u00e1s, este nuevo tema viene acompa\u00f1ado de un material audiovisual<\/strong>, dirigido por Arturo Zamora y Jos\u00e9 Camacaro, <strong>en el que podr\u00e1n encontrar la historia que complementa, a la perfecci\u00f3n, la nueva propuesta musical de Abel<\/strong>.<strong> \u201cPromet\u00ed traer mucha m\u00fasica este a\u00f1o, y es lo que estoy haciendo. Vienen muchas sorpresas, entre ellas otro sencillo llamado \u2018Prohibido\u2019, con el que espero hacer una gira de promoci\u00f3n completa por todo el territorio nacional\u201d,<\/strong> finaliza el talentoso cantautor.<\/p>\n<p>Para seguir cada paso de Abel, no duden en seguirlo por sus redes sociales como <strong>@abelmusica<\/strong>.<\/p>\n<div id=\"ritekit-alerts\"><\/div>\n","protected":false},"excerpt":{"rendered":"<p>Abel sigue abri\u00e9ndose su propio camino en el tan competitivo mercado venezolano. Y es que, luego de haber regresado a la palestra musical con el sencillo \u201cB\u00e1ilame\u201d, el cantautor sigue haciendo gala de su diversidad e innovaci\u00f3n musical con el single \u201cNo sabes\u201d, tema que le canta al despecho pero sin alejarse de los sonidos [&hellip;]<\/p>\n","protected":false},"author":2,"featured_media":5977,"comment_status":"closed","ping_status":"open","sticky":false,"template":"","format":"standard","meta":[],"categories":[463,2],"tags":[614],"wppr_data":[],"_links":{"self":[{"href":"https:\/\/www.notaoficial.com\/s\/wp-json\/wp\/v2\/posts\/5975"}],"collection":[{"href":"https:\/\/www.notaoficial.com\/s\/wp-json\/wp\/v2\/posts"}],"about":[{"href":"https:\/\/www.notaoficial.com\/s\/wp-json\/wp\/v2\/types\/post"}],"author":[{"embeddable":true,"href":"https:\/\/www.notaoficial.com\/s\/wp-json\/wp\/v2\/users\/2"}],"replies":[{"embeddable":true,"href":"https:\/\/www.notaoficial.com\/s\/wp-json\/wp\/v2\/comments?post=5975"}],"version-history":[{"count":1,"href":"https:\/\/www.notaoficial.com\/s\/wp-json\/wp\/v2\/posts\/5975\/revisions"}],"predecessor-version":[{"id":5978,"href":"https:\/\/www.notaoficial.com\/s\/wp-json\/wp\/v2\/posts\/5975\/revisions\/5978"}],"wp:featuredmedia":[{"embeddable":true,"href":"https:\/\/www.notaoficial.com\/s\/wp-json\/wp\/v2\/media\/5977"}],"wp:attachment":[{"href":"https:\/\/www.notaoficial.com\/s\/wp-json\/wp\/v2\/media?parent=5975"}],"wp:term":[{"taxonomy":"category","embeddable":true,"href":"https:\/\/www.notaoficial.com\/s\/wp-json\/wp\/v2\/categories?post=5975"},{"taxonomy":"post_tag","embeddable":true,"href":"https:\/\/www.notaoficial.com\/s\/wp-json\/wp\/v2\/tags?post=5975"}],"curies":[{"name":"wp","href":"https:\/\/api.w.org\/{rel}","templated":true}]}}