{"id":6015,"date":"2019-07-25T00:41:58","date_gmt":"2019-07-25T04:41:58","guid":{"rendered":"http:\/\/www.notaoficial.com\/s\/?p=6015"},"modified":"2019-07-25T00:41:58","modified_gmt":"2019-07-25T04:41:58","slug":"galerias-okyo-y-graphicart-rinden-homenaje-a-yuye-de-lima","status":"publish","type":"post","link":"https:\/\/www.notaoficial.com\/s\/2019\/07\/25\/galerias-okyo-y-graphicart-rinden-homenaje-a-yuye-de-lima\/","title":{"rendered":"Galer\u00edas OKYO y Graphicart rinden homenaje a Yuye de Lima"},"content":{"rendered":"<p>Dos importantes galer\u00edas como OKYO y Graphicart, se unir\u00e1n para presentar en sus espacios una amplia muestra en homenaje a la artista Yuye de Lima, que ser\u00e1 inaugurada el domingo 28 de julio de 2019 a las 11 am, en reconocimiento a la destacada trayectoria de esta artista y sus aportes en el \u00e1mbito de las artes pl\u00e1sticas venezolanas.<\/p>\n<p><strong><em>Yuye De Lima. Un homenaje<\/em><\/strong> es el t\u00edtulo de esta gran exposici\u00f3n, en la que se incluye una selecci\u00f3n de piezas tridimensionales de la homenajeada, junto a obras de artistas como C\u00e9sar Andrade, Carlos Cruz-Diez, Mateo Manaure, Julio Le Parc, Rogelio Polesello, Pancho Salazar, Enrique Sard\u00e1, Shofer, Jes\u00fas Soto, Alberto Asprino, Jes\u00fas Caviglia, Asdr\u00fabal Colmen\u00e1rez, Nidia Del Moral, Luis Mill\u00e9, Saz Oner, Jos\u00e9 Luis (Chuchi) S\u00e1nchez.<\/p>\n<p>Orfebre y escultora nacida en el estado Trujillo, Yuye De Lima se ha dedicado al arte a lo largo de m\u00e1s de cinco d\u00e9cadas, desarrollando una obra que, de acuerdo al curador e investigador de artes visuales, Gerardo Zavarce, se ha consolidado en un s\u00f3lido lenguaje personal a trav\u00e9s del di\u00e1logo. \u201cUn di\u00e1logo que debemos comprender como una exploraci\u00f3n entre la materia y sus formas\u201d.<\/p>\n<p>Seg\u00fan escribe Zavarce en el texto que acompa\u00f1a la muestra homenaje, su obra intenta restituir sin pretensiones, una v\u00eda de comuni\u00f3n entre geometr\u00eda y naturaleza, entre representaci\u00f3n y realidad, entre hombre y universo. \u201cSe trata de una comuni\u00f3n tensa y agitada, rebelde. Se trata de un di\u00e1logo ejercido desde la voluntad y rigurosidad que supone hacer del metal y el \u00f3xido, ideas capaces de quebrantar la propia identidad del material que las contiene. All\u00ed radica la magia de la obra de Yuye de Lima, su sistema po\u00e9tico: hacer de la gravedad sustancia para el vuelo\u201d.<\/p>\n<p>A juicio del investigador, \u201csus esculturas tienen como punto de partida la caverna, la oscuridad, el fr\u00edo, las profundidades \u00edgneas del subsuelo (&#8230;) Pero su punto de llegada apunta hacia la luz, se eleva, asciende. No desde la fragilidad o las proyecciones de formas et\u00e9reas, sino a trav\u00e9s del volumen, de la composici\u00f3n del color, de la l\u00ednea, de la huella que deja la soldadura como marca y que convierte sus esculturas en bellas y sublimes composiciones (&#8230;) entonces, esta tensi\u00f3n dram\u00e1tica que emerge como di\u00e1logo entre las formas y sus contenidos resulta un rasgo caracter\u00edstico de la obra de Yuye De Lima; su posici\u00f3n es desafiar, imponerse, sobreponerse a lo que est\u00e1 establecido como realidad, desde la dignidad de su esp\u00edritu reflexivo&#8230;\u201d<\/p>\n<p>La exposici\u00f3n <strong><em>Yuye De Lima. Un homenaje<\/em><\/strong> podr\u00e1 ser apreciada del 28 de julio al 08 de septiembre de 2019 en las galer\u00edas OKYO\u00a0 y Graphicart, que se encuentran ubicadas en la calle Veracruz, Edificio La Hacienda, PB, Las Mercedes, Caracas. El horario es de lunes a viernes de 10 am a 5 pm, y s\u00e1bados de 11 am a 2 pm. La entrada es libre.<\/p>\n<p>Mayor informaci\u00f3n a trav\u00e9s de las cuentas de Twitter: @okyoart \/ @GraphicArtccs e Instagram: @okyogaleria \/ @graphicartccs<\/p>\n","protected":false},"excerpt":{"rendered":"<p>Dos importantes galer\u00edas como OKYO y Graphicart, se unir\u00e1n para presentar en sus espacios una amplia muestra en homenaje a la artista Yuye de Lima, que ser\u00e1 inaugurada el domingo 28 de julio de 2019 a las 11 am, en reconocimiento a la destacada trayectoria de esta artista y sus aportes en el \u00e1mbito de [&hellip;]<\/p>\n","protected":false},"author":2,"featured_media":6016,"comment_status":"closed","ping_status":"open","sticky":false,"template":"","format":"standard","meta":[],"categories":[463,2],"tags":[2813,7258,554,7251,7256,2954,3164,1981,1074,7259,7253,660,7252,1444,7250,7255,7254,3168,7257],"wppr_data":[],"_links":{"self":[{"href":"https:\/\/www.notaoficial.com\/s\/wp-json\/wp\/v2\/posts\/6015"}],"collection":[{"href":"https:\/\/www.notaoficial.com\/s\/wp-json\/wp\/v2\/posts"}],"about":[{"href":"https:\/\/www.notaoficial.com\/s\/wp-json\/wp\/v2\/types\/post"}],"author":[{"embeddable":true,"href":"https:\/\/www.notaoficial.com\/s\/wp-json\/wp\/v2\/users\/2"}],"replies":[{"embeddable":true,"href":"https:\/\/www.notaoficial.com\/s\/wp-json\/wp\/v2\/comments?post=6015"}],"version-history":[{"count":1,"href":"https:\/\/www.notaoficial.com\/s\/wp-json\/wp\/v2\/posts\/6015\/revisions"}],"predecessor-version":[{"id":6017,"href":"https:\/\/www.notaoficial.com\/s\/wp-json\/wp\/v2\/posts\/6015\/revisions\/6017"}],"wp:featuredmedia":[{"embeddable":true,"href":"https:\/\/www.notaoficial.com\/s\/wp-json\/wp\/v2\/media\/6016"}],"wp:attachment":[{"href":"https:\/\/www.notaoficial.com\/s\/wp-json\/wp\/v2\/media?parent=6015"}],"wp:term":[{"taxonomy":"category","embeddable":true,"href":"https:\/\/www.notaoficial.com\/s\/wp-json\/wp\/v2\/categories?post=6015"},{"taxonomy":"post_tag","embeddable":true,"href":"https:\/\/www.notaoficial.com\/s\/wp-json\/wp\/v2\/tags?post=6015"}],"curies":[{"name":"wp","href":"https:\/\/api.w.org\/{rel}","templated":true}]}}