{"id":6060,"date":"2019-07-30T15:46:13","date_gmt":"2019-07-30T19:46:13","guid":{"rendered":"http:\/\/www.notaoficial.com\/s\/?p=6060"},"modified":"2019-07-30T08:48:12","modified_gmt":"2019-07-30T12:48:12","slug":"rapidos-y-furiosos-hobbs-shaw-te-daran-el-paseo-de-tu-vida-en-las-salas-de-cines-unidos","status":"publish","type":"post","link":"https:\/\/www.notaoficial.com\/s\/2019\/07\/30\/rapidos-y-furiosos-hobbs-shaw-te-daran-el-paseo-de-tu-vida-en-las-salas-de-cines-unidos\/","title":{"rendered":"\u00b4\u00b4R\u00e1pidos y Furiosos: Hobbs &#038; Shaw\u00b4\u00b4 te dar\u00e1n el paseo de tu vida en las salas de Cines Unidos"},"content":{"rendered":"<p>\u201cR\u00e1pidos y Furiosos: Hobbs &amp; Shaw\u201d llegar\u00e1 el pr\u00f3ximo viernes 2 de agosto a las salas de Cines Unidos ubicadas en las principales ciudades del pa\u00eds.<\/p>\n<p>Cines Unidos anuncia el estreno de \u201cR\u00e1pidos y Furiosos: Hobbs &amp; Shaw\u201d, la emocionante secuela de la saga de acci\u00f3n m\u00e1s veloz del milenio. Los fan\u00e1ticos que crecieron con la serie hoy esperan cada uno de sus cap\u00edtulos con gran entusiasmo. Las expectativas son tan altas como los esfuerzos de producir una nueva entrega de la franquicia, sin defraudar al p\u00fablico que sigue de cerca el universo de estos incre\u00edbles autos.<\/p>\n<p>Este Spin-off de la franquicia cinematogr\u00e1fica \u00abFast &amp; Furious\u00bb se centra en los personajes Hobbs y Shaw, interpretados por Dwayne Johnson y Jason Statham. Hobbs es un polic\u00eda brit\u00e1nico que encarcel\u00f3 a Shaw, un mercenario estadounidense que intent\u00f3 matarlo. A primera vista los protagonistas parecen no tener nada en com\u00fan pero descubrir\u00e1n que peleando como hermanos ser\u00e1n capaces de todo.<\/p>\n<p>Al igual que las dem\u00e1s pel\u00edculas de la saga, el largometraje presiona el acelerador de la direcci\u00f3n, bajo la conducci\u00f3n de un piloto profesional, David Leitch toma el control del volante audiovisual, creando un impresionante espect\u00e1culo con efectos especiales y personajes inolvidables. El director ratifica su buen momento, luego de lucirse con un conjunto de proyectos exitosos.<\/p>\n<p>El casting respalda la puesta en escena, al convocar los talentos de estrellas de Hollywood como \u201cLa Roca\u201d \u00a0<a href=\"https:\/\/www.filmaffinity.com\/ve\/search.php?stype=cast&amp;sn&amp;stext=Dwayne%20Johnson\">Dwayne Johnson<\/a>,\u00a0<a href=\"https:\/\/www.filmaffinity.com\/ve\/search.php?stype=cast&amp;sn&amp;stext=Jason%20Statham\">Jason Statham<\/a>\u00a0e\u00a0<a href=\"https:\/\/www.filmaffinity.com\/ve\/search.php?stype=cast&amp;sn&amp;stext=Idris%20Elba\">Idris Elba<\/a>, quienes se lucen \u00a0delante de la c\u00e1mara. El entretenimiento est\u00e1 garantizado.<\/p>\n<p>La pel\u00edcula marcha sobre ruedas, al parecer de los cr\u00edticos, preparando su escuder\u00eda para rebasar las marcas de taquilla del verano. Gracias a su historia, la cinta brillar\u00e1 en el box office nacional.<\/p>\n","protected":false},"excerpt":{"rendered":"<p>\u201cR\u00e1pidos y Furiosos: Hobbs &amp; Shaw\u201d llegar\u00e1 el pr\u00f3ximo viernes 2 de agosto a las salas de Cines Unidos ubicadas en las principales ciudades del pa\u00eds. Cines Unidos anuncia el estreno de \u201cR\u00e1pidos y Furiosos: Hobbs &amp; Shaw\u201d, la emocionante secuela de la saga de acci\u00f3n m\u00e1s veloz del milenio. Los fan\u00e1ticos que crecieron con [&hellip;]<\/p>\n","protected":false},"author":2,"featured_media":6061,"comment_status":"closed","ping_status":"open","sticky":false,"template":"","format":"standard","meta":[],"categories":[4747,93,2],"tags":[7275,7276,7277,1779,7274],"wppr_data":[],"_links":{"self":[{"href":"https:\/\/www.notaoficial.com\/s\/wp-json\/wp\/v2\/posts\/6060"}],"collection":[{"href":"https:\/\/www.notaoficial.com\/s\/wp-json\/wp\/v2\/posts"}],"about":[{"href":"https:\/\/www.notaoficial.com\/s\/wp-json\/wp\/v2\/types\/post"}],"author":[{"embeddable":true,"href":"https:\/\/www.notaoficial.com\/s\/wp-json\/wp\/v2\/users\/2"}],"replies":[{"embeddable":true,"href":"https:\/\/www.notaoficial.com\/s\/wp-json\/wp\/v2\/comments?post=6060"}],"version-history":[{"count":1,"href":"https:\/\/www.notaoficial.com\/s\/wp-json\/wp\/v2\/posts\/6060\/revisions"}],"predecessor-version":[{"id":6062,"href":"https:\/\/www.notaoficial.com\/s\/wp-json\/wp\/v2\/posts\/6060\/revisions\/6062"}],"wp:featuredmedia":[{"embeddable":true,"href":"https:\/\/www.notaoficial.com\/s\/wp-json\/wp\/v2\/media\/6061"}],"wp:attachment":[{"href":"https:\/\/www.notaoficial.com\/s\/wp-json\/wp\/v2\/media?parent=6060"}],"wp:term":[{"taxonomy":"category","embeddable":true,"href":"https:\/\/www.notaoficial.com\/s\/wp-json\/wp\/v2\/categories?post=6060"},{"taxonomy":"post_tag","embeddable":true,"href":"https:\/\/www.notaoficial.com\/s\/wp-json\/wp\/v2\/tags?post=6060"}],"curies":[{"name":"wp","href":"https:\/\/api.w.org\/{rel}","templated":true}]}}