{"id":6086,"date":"2019-08-01T11:42:14","date_gmt":"2019-08-01T15:42:14","guid":{"rendered":"http:\/\/www.notaoficial.com\/s\/?p=6086"},"modified":"2019-08-01T09:44:32","modified_gmt":"2019-08-01T13:44:32","slug":"fotografa-lusymar-blanco-expondra-sus-percepciones-en-la-alianza-francesa","status":"publish","type":"post","link":"https:\/\/www.notaoficial.com\/s\/2019\/08\/01\/fotografa-lusymar-blanco-expondra-sus-percepciones-en-la-alianza-francesa\/","title":{"rendered":"Fot\u00f3grafa Lusymar Blanco expondr\u00e1 sus \u201cPercepciones\u201d En la Alianza Francesa"},"content":{"rendered":"<p>La fot\u00f3grafa venezolana Lusymar Blanco expondr\u00e1 desde el s\u00e1bado 03 de agosto en los espacios de la Alianza Francesa de Las Mercedes, una muestra \u00edntima de su trabajo reciente, titulado: Percepciones, el cual guarda estrecha relaci\u00f3n con sus inquietudes y reflexiones sobre la apreciaci\u00f3n de la realidad.<\/p>\n<p>La exposici\u00f3n ser\u00e1 inaugurada ese d\u00eda, a las 10:30 am, y est\u00e1 conformada por una selecci\u00f3n de 15 fotograf\u00edas realizadas a color, en Venezuela y en China, entre los a\u00f1os 2014 y 2019, las cuales forman parte de las series L\u00edneas, Percepciones, San Juan, Transformaciones, Intenso, Aguas, Siluetas, Barrio, y Texturas, copiadas en canvas, en un formato de 18,7 por \u00a025 cm.<\/p>\n<p>Blanco inform\u00f3 que en la muestra se ver\u00e1 \u201cun conjunto de piezas realizadas con la c\u00e1mara fotogr\u00e1fica, de edici\u00f3n limitada, algunas de las cuales no han sido intervenidas digitalmente y otras con intervenci\u00f3n crom\u00e1tica. El trabajo que presento va desde lo fotogr\u00e1fico hacia lo pict\u00f3rico. Es mi visi\u00f3n po\u00e9tica del entorno, que interpreto y reinterpreto con el manejo de la luz, los colores, el movimiento\u201d.<\/p>\n<p>De esa forma, la fot\u00f3grafa busca atraer y emocionar al p\u00fablico, \u201ccon percepciones de una realidad que se compone de varios momentos, es cambiante, percibimos de acuerdo a nuestras propias posibilidades, y sobre todo somos capaces de transformar por encima de las circunstancias\u201d, indic\u00f3.<\/p>\n<p>Lusymar Blanco es licenciada en Letras y comunicadora social. Se inici\u00f3 con la fotograf\u00eda anal\u00f3gica documental en blanco y negro. Progresivamente, comenz\u00f3 a explorar el color con la fotograf\u00eda digital, tiempo en el que viaj\u00f3 por m\u00e1s de una decena de pa\u00edses con su c\u00e1mara.<\/p>\n<p>En los \u00faltimos a\u00f1os, la artista ha experimentado con el hecho fotogr\u00e1fico explorando con la c\u00e1mara digital nuevas formas de crear im\u00e1genes, utilizando los recursos de \u00e9sta para lograr efectos en la captaci\u00f3n de la escena, movida por la necesidad de comunicar otras realidades e incluso transformar aquellas que en s\u00ed mismas lo demanden, desde la experimentaci\u00f3n est\u00e9tica del color.<\/p>\n<p>Su trabajo forma parte de colecciones privadas y de museos de arte en Venezuela y fuera del pa\u00eds. \u00a0Su obra se ha mostrado en exposiciones colectivas e individuales desde el a\u00f1o 2002, con casi una veintena de exposiciones realizadas en diferentes regiones de Venezuela.<\/p>\n<p>Tambi\u00e9n se ha exhibido en China, en la sala Art Space, en la ciudad de Shaoxing; en el Palacio Cultural de las Nacionalidades, el primer gran museo nacional despu\u00e9s del establecimiento de la Rep\u00fablica Popular China, en Beijing, y en el Museo de Arte Xiaozuo de Quanzhou.<\/p>\n<p>Para conocer m\u00e1s detalles sobre las actividades culturales y acad\u00e9micas de la instituci\u00f3n, puede ingresar a la p\u00e1gina oficial de la Alianza Francesa\u00a0<a href=\"http:\/\/caracas.afvenezuela.org\/\">http:\/\/caracas.afvenezuela.org\/<\/a>.Tambi\u00e9n pueden seguirlos a trav\u00e9s de sus cuentas en Instagram\u00a0<a href=\"https:\/\/www.instagram.com\/afvenezuela\/?hl=es\">@afvenezuela<\/a>, Twitter\u00a0<a href=\"https:\/\/twitter.com\/afvenezuela?lang=es\">@afvenezuela<\/a>\u00a0y Facebook\u00a0<a href=\"https:\/\/es-la.facebook.com\/www.caracas.afvenezuela.org\/\">Alianza Francesa Venezuela<\/a><\/p>\n<p>&nbsp;<\/p>\n","protected":false},"excerpt":{"rendered":"<p>La fot\u00f3grafa venezolana Lusymar Blanco expondr\u00e1 desde el s\u00e1bado 03 de agosto en los espacios de la Alianza Francesa de Las Mercedes, una muestra \u00edntima de su trabajo reciente, titulado: Percepciones, el cual guarda estrecha relaci\u00f3n con sus inquietudes y reflexiones sobre la apreciaci\u00f3n de la realidad. La exposici\u00f3n ser\u00e1 inaugurada ese d\u00eda, a las [&hellip;]<\/p>\n","protected":false},"author":2,"featured_media":6087,"comment_status":"closed","ping_status":"open","sticky":false,"template":"","format":"standard","meta":[],"categories":[860,140,2],"tags":[861,7291],"wppr_data":[],"_links":{"self":[{"href":"https:\/\/www.notaoficial.com\/s\/wp-json\/wp\/v2\/posts\/6086"}],"collection":[{"href":"https:\/\/www.notaoficial.com\/s\/wp-json\/wp\/v2\/posts"}],"about":[{"href":"https:\/\/www.notaoficial.com\/s\/wp-json\/wp\/v2\/types\/post"}],"author":[{"embeddable":true,"href":"https:\/\/www.notaoficial.com\/s\/wp-json\/wp\/v2\/users\/2"}],"replies":[{"embeddable":true,"href":"https:\/\/www.notaoficial.com\/s\/wp-json\/wp\/v2\/comments?post=6086"}],"version-history":[{"count":1,"href":"https:\/\/www.notaoficial.com\/s\/wp-json\/wp\/v2\/posts\/6086\/revisions"}],"predecessor-version":[{"id":6088,"href":"https:\/\/www.notaoficial.com\/s\/wp-json\/wp\/v2\/posts\/6086\/revisions\/6088"}],"wp:featuredmedia":[{"embeddable":true,"href":"https:\/\/www.notaoficial.com\/s\/wp-json\/wp\/v2\/media\/6087"}],"wp:attachment":[{"href":"https:\/\/www.notaoficial.com\/s\/wp-json\/wp\/v2\/media?parent=6086"}],"wp:term":[{"taxonomy":"category","embeddable":true,"href":"https:\/\/www.notaoficial.com\/s\/wp-json\/wp\/v2\/categories?post=6086"},{"taxonomy":"post_tag","embeddable":true,"href":"https:\/\/www.notaoficial.com\/s\/wp-json\/wp\/v2\/tags?post=6086"}],"curies":[{"name":"wp","href":"https:\/\/api.w.org\/{rel}","templated":true}]}}