{"id":6119,"date":"2019-08-03T22:51:01","date_gmt":"2019-08-04T02:51:01","guid":{"rendered":"http:\/\/www.notaoficial.com\/s\/?p=6119"},"modified":"2019-08-03T19:53:15","modified_gmt":"2019-08-03T23:53:15","slug":"obra-reciente-de-paul-amundarain-se-exhibe-en-la-caja-1-del-centro-cultural-chacao","status":"publish","type":"post","link":"https:\/\/www.notaoficial.com\/s\/2019\/08\/03\/obra-reciente-de-paul-amundarain-se-exhibe-en-la-caja-1-del-centro-cultural-chacao\/","title":{"rendered":"Obra reciente de Paul Amundarain  se exhibe en La Caja 1 del Centro Cultural Chacao"},"content":{"rendered":"<p>La m\u00e1s reciente obra del artista venezolano Paul Amundarain, ser\u00e1 presentada por Cerquone Projects en La Caja 1 del Centro Cultural Chacao, a trav\u00e9s de una exposici\u00f3n que ser\u00e1 inaugurada el domingo 11 de agosto de 2019 a las 11 am, con el t\u00edtulo \u201cAbajo Cadenas\u201d.<\/p>\n<p>Continuando con sus investigaciones en torno a la urbe y sus componentes, en esta muestra Paul Amundarain ahonda en la esencia de la ciudad de Caracas de los \u00faltimos tiempos, a la cual los incontables intentos modernizadores y progresistas que han devenido hacia una cartograf\u00eda siempre inconclusa, le ha otorgado ese aspecto enmara\u00f1ado propio de las megal\u00f3polis latinoamericanas, seg\u00fan afirma la curadora e investigadora de artes visuales Lorena Gonz\u00e1lez Inneco, en el texto que acompa\u00f1a la exposici\u00f3n.<\/p>\n<p>En \u201cAbajo Cadenas\u201d, Amundarain presenta una sucesi\u00f3n de \u00edconos que va m\u00e1s all\u00e1 de la opresi\u00f3n, \u201cpara poner en escena las batallas de iconograf\u00edas cambiantes e incluso irreconocibles donde la ruina, la ceguera y el mutismo son los \u00fanicos protagonistas de esa p\u00e1lida escena que habita en las oscuras ataduras de una ciudad sitiada\u201d, como se\u00f1ala Gonz\u00e1lez Inneco.<\/p>\n<p>\u201cEn esta ambientaci\u00f3n, el artista aborda los soterrados mundos de ficci\u00f3n donde palpitan las memorias hist\u00f3ricas de una realidad oprimida y opresora en la cual los s\u00edmbolos se descomponen para dejar sus fracturas en el espacio a trav\u00e9s de una alteraci\u00f3n de elementos estructurales que resaltan la funci\u00f3n desacralizadora de toda la propuesta\u201d.<\/p>\n<p>Un mural de casi ocho metros, turbulencias simb\u00f3licas del color rojo, referencias a la patria y a las cadenas del himno nacional, son algunos de los elementos que se alternan en el espacio expositivo donde, de acuerdo a Lorena Gonz\u00e1lez Inneco, \u201cel espectador es testigo e interlocutor de esta yuxtaposici\u00f3n de narrativas visuales y apelaciones crom\u00e1ticas; las piezas son incesantes llamados de atenci\u00f3n, reinversiones que invitan al visitante a observarse a s\u00ed mismo en cada eslab\u00f3n del discurso. En <em>Abajo cadenas<\/em> las batallas del s\u00edmbolo nos preguntan sobre los vac\u00edos de sentido, movilizan la p\u00e9rdida de los referentes y abren el desvanecimiento de todas las relaciones de significaci\u00f3n que han borrado los senderos de esta disgregada sociedad en la que hoy vivimos\u201d.<\/p>\n<p>Nacido en Caracas en 1985, el artista y arquitecto Paul Amundarain ha desarrollado una importante trayectoria art\u00edstica a los largo de m\u00e1s de diez a\u00f1os, durante los cuales ha exhibido su obra en salones, ferias de arte y exposiciones en museos y galer\u00edas de Venezuela y Estados Unidos. Actualmente vive y trabaja en la ciudad de Miami, USA.<\/p>\n<p>Su m\u00e1s reciente propuesta podr\u00e1 ser apreciada a trav\u00e9s de la muestra \u201cAbajo Cadenas\u201d que se estar\u00e1 presentando del 11 de agosto al 8 de septiembre de 2019, en La Caja 1 del CCCH-Centro Cultural Chacao (Avenida Tamanaco de El Rosal, Caracas) en alianza con Cerquone Projects. El horario es de martes a viernes de 10 am a 2 pm, s\u00e1bados y domingos de 11 am a 5 pm. La entrada es libre.<\/p>\n<p>Mayor informaci\u00f3n a trav\u00e9s de las redes sociales de Cerquone Projects: <a href=\"https:\/\/www.facebook.com\/cerquoneprojects\/\" data-saferedirecturl=\"https:\/\/www.google.com\/url?q=https:\/\/www.facebook.com\/cerquoneprojects\/&amp;source=gmail&amp;ust=1564962570170000&amp;usg=AFQjCNHyd9Uilz-NqOy3_83iQiqK8L1Ezw\">CerquoneProjects<\/a> en Facebook y <a href=\"https:\/\/www.instagram.com\/cerquoneprojects\/?hl=en\" data-saferedirecturl=\"https:\/\/www.google.com\/url?q=https:\/\/www.instagram.com\/cerquoneprojects\/?hl%3Den&amp;source=gmail&amp;ust=1564962570170000&amp;usg=AFQjCNFvp3QCLuv2i65qIP_LB3vDGtj3Xg\">@cerquoneprojects<\/a> en Instagram; o del Centro Cultural Chacao: @cculturalchacao en twitter e instagram<\/p>\n","protected":false},"excerpt":{"rendered":"<p>La m\u00e1s reciente obra del artista venezolano Paul Amundarain, ser\u00e1 presentada por Cerquone Projects en La Caja 1 del Centro Cultural Chacao, a trav\u00e9s de una exposici\u00f3n que ser\u00e1 inaugurada el domingo 11 de agosto de 2019 a las 11 am, con el t\u00edtulo \u201cAbajo Cadenas\u201d. Continuando con sus investigaciones en torno a la urbe [&hellip;]<\/p>\n","protected":false},"author":2,"featured_media":6121,"comment_status":"closed","ping_status":"open","sticky":false,"template":"","format":"standard","meta":[],"categories":[463,2],"tags":[693,959,960,3756],"wppr_data":[],"_links":{"self":[{"href":"https:\/\/www.notaoficial.com\/s\/wp-json\/wp\/v2\/posts\/6119"}],"collection":[{"href":"https:\/\/www.notaoficial.com\/s\/wp-json\/wp\/v2\/posts"}],"about":[{"href":"https:\/\/www.notaoficial.com\/s\/wp-json\/wp\/v2\/types\/post"}],"author":[{"embeddable":true,"href":"https:\/\/www.notaoficial.com\/s\/wp-json\/wp\/v2\/users\/2"}],"replies":[{"embeddable":true,"href":"https:\/\/www.notaoficial.com\/s\/wp-json\/wp\/v2\/comments?post=6119"}],"version-history":[{"count":1,"href":"https:\/\/www.notaoficial.com\/s\/wp-json\/wp\/v2\/posts\/6119\/revisions"}],"predecessor-version":[{"id":6123,"href":"https:\/\/www.notaoficial.com\/s\/wp-json\/wp\/v2\/posts\/6119\/revisions\/6123"}],"wp:featuredmedia":[{"embeddable":true,"href":"https:\/\/www.notaoficial.com\/s\/wp-json\/wp\/v2\/media\/6121"}],"wp:attachment":[{"href":"https:\/\/www.notaoficial.com\/s\/wp-json\/wp\/v2\/media?parent=6119"}],"wp:term":[{"taxonomy":"category","embeddable":true,"href":"https:\/\/www.notaoficial.com\/s\/wp-json\/wp\/v2\/categories?post=6119"},{"taxonomy":"post_tag","embeddable":true,"href":"https:\/\/www.notaoficial.com\/s\/wp-json\/wp\/v2\/tags?post=6119"}],"curies":[{"name":"wp","href":"https:\/\/api.w.org\/{rel}","templated":true}]}}