{"id":6181,"date":"2019-08-11T18:53:33","date_gmt":"2019-08-11T22:53:33","guid":{"rendered":"http:\/\/www.notaoficial.com\/s\/?p=6181"},"modified":"2019-08-11T10:55:45","modified_gmt":"2019-08-11T14:55:45","slug":"las-alegrias-de-dolores-cronica-de-un-despecho-migrante-en-12-cuadros-y-13-canciones","status":"publish","type":"post","link":"https:\/\/www.notaoficial.com\/s\/2019\/08\/11\/las-alegrias-de-dolores-cronica-de-un-despecho-migrante-en-12-cuadros-y-13-canciones\/","title":{"rendered":"\u2018Las Alegr\u00edas de Dolores\u2019  Cr\u00f3nica de un despecho migrante en 12 cuadros y 13 canciones"},"content":{"rendered":"<p>Con un espect\u00e1culo que mezcla los formatos del teatro y la revista musical, se llevar\u00e1 a escena <strong>\u201cLas Alegr\u00edas de Dolores\u201d<\/strong>, unipersonal escrito e interpretado por Mariela Su\u00e1rez, que podr\u00e1 disfrutarse del 16 de agosto al 01 de septiembre de 2019 en la Sala Cabrujas de Cultura Chacao, en Los Palos Grandes, en funciones los d\u00edas viernes y s\u00e1bados a las 6 pm, y los domingos a las 4 pm.<\/p>\n<p>Bajo la direcci\u00f3n de Carlos S\u00e1nchez Torrealba y la producci\u00f3n general de Lisandro Castro, <strong>\u201cLas Alegr\u00edas de Dolores\u201d<\/strong> cuenta en clave de tragicomedia la traves\u00eda de una cantante y actriz venezolana, Dolores, quien decide viajar a Espa\u00f1a en busca de su compa\u00f1ero de vida, un activista de derechos humanos que se exilia porque siente que corre peligro inminente.<\/p>\n<p>Hija de inmigrantes espa\u00f1oles y nacida en Venezuela, Dolores emprende la ruta inversa a la que una vez trazaron sus padres, y se aventura en un exilio forzoso para procurar un mejor desenlace a su historia personal. Entre relatos, diversiones, picard\u00edas y cantos, se va desentra\u00f1ando el itinerario de este despecho, de esta b\u00fasqueda, que pasa por altos y bajos, y por diversos empleos, audiciones y experiencias, que la van acercando y alejando de su objetivo, como si fuera a bordo de un barco \u2013a veces a la deriva\u2013 en el que se estuviera formando para ejercer el oficio de la supervivencia y el arte de luchar por el destino imaginado.<\/p>\n<p>As\u00ed, como met\u00e1fora del pa\u00eds, la protagonista vive, entre alegr\u00edas y dolores, una historia rota, un destino truncado y un periplo incierto, cuyo desenlace s\u00f3lo conocer\u00e1n los espectadores, testigos y c\u00f3mplices de esta particular y entretenida traves\u00eda\u2026<\/p>\n<p>La m\u00fasica del espect\u00e1culo es una rica selecci\u00f3n de emblem\u00e1ticas canciones populares espa\u00f1olas, en las que todas las pasiones humanas tienen cabida; desde la contentura, la gracia y el salero de las coplas andaluzas, pasando por el desgarro de las zambras moriscas, hasta llegar a la picard\u00eda y la irreverencia de los chotis y cupl\u00e9s de la tradici\u00f3n madrile\u00f1a.<\/p>\n<p>Entre las piezas que componen este repertorio se incluyen: <em>Compuesta y sin novio<\/em>, <em>Te lo juro yo<\/em>, <em>El ole<\/em>, y<em> Pena, penita, pena<\/em>,\u00a0de Quintero, Le\u00f3n y Quiroga;\u00a0<em>Herencia gitana<\/em>, de J. Mostazo;\u00a0<em>La Tar\u00e1ntula<\/em>,\u00a0de G. Gim\u00e9nez (de la zarzuela <em>La\u00a0Tempranica<\/em>);\u00a0 <em>El Tango de La Menegilda<\/em>,\u00a0de F. Chueca (de la zarzuela <em>La Gran V\u00eda<\/em>); <em>El Pichi<\/em><em> y La Lola<\/em> (de la zarzuela <em>Las Leandras<\/em>); <em>Los\u00a0Amores de Ana<\/em>,\u00a0de F. Alonso,\u00a0entre otras, acompa\u00f1adas al piano por el maestro Fernando Roa.<\/p>\n<p>El espect\u00e1culo teatral <strong>\u201cLas Alegr\u00edas de Dolores\u201d<\/strong> es una producci\u00f3n de LaCorriente y Arteascopio A.C., y se estar\u00e1 presentando del 16 de agosto al 01 de septiembre de 2019 en la Sala Cabrujas de Cultura Chacao, ubicada en la 3era avenida de los Palos Grandes, C.C. El Parque, Caracas. Las funciones son los viernes y s\u00e1bados a las 6 pm, y los domingos a las 4 pm.<\/p>\n<p>Las entradas tienen un costo de Bs. 30.000 y pueden ser adquiridas en la taquilla de la Sala (\u00fanicamente los d\u00edas de las funciones) o por <a href=\"http:\/\/www.solotickets.com\" data-saferedirecturl=\"https:\/\/www.google.com\/url?q=http:\/\/www.solotickets.com&amp;source=gmail&amp;ust=1565621103042000&amp;usg=AFQjCNGc9zeXWPr67Ip4AoJfFrWZA4KW8A\">www.solotickets.com<\/a> \u00a0Mayor informaci\u00f3n y reservaciones por los correos <a href=\"mailto:lacorrienteteatro@gmail.com\">lacorrienteteatro@gmail.com<\/a> \/ <a href=\"mailto:marielosfera@gmail.com\">marielosfera@gmail.com<\/a> o a trav\u00e9s de las redes: @_lacorriente\u00a0 @marielosfera\u00a0 y\u00a0 @castrolands en Instagram y Twitter.<\/p>\n","protected":false},"excerpt":{"rendered":"<p>Con un espect\u00e1culo que mezcla los formatos del teatro y la revista musical, se llevar\u00e1 a escena \u201cLas Alegr\u00edas de Dolores\u201d, unipersonal escrito e interpretado por Mariela Su\u00e1rez, que podr\u00e1 disfrutarse del 16 de agosto al 01 de septiembre de 2019 en la Sala Cabrujas de Cultura Chacao, en Los Palos Grandes, en funciones los [&hellip;]<\/p>\n","protected":false},"author":2,"featured_media":6182,"comment_status":"closed","ping_status":"open","sticky":false,"template":"","format":"standard","meta":[],"categories":[463,2],"tags":[277,7357,309,294],"wppr_data":[],"_links":{"self":[{"href":"https:\/\/www.notaoficial.com\/s\/wp-json\/wp\/v2\/posts\/6181"}],"collection":[{"href":"https:\/\/www.notaoficial.com\/s\/wp-json\/wp\/v2\/posts"}],"about":[{"href":"https:\/\/www.notaoficial.com\/s\/wp-json\/wp\/v2\/types\/post"}],"author":[{"embeddable":true,"href":"https:\/\/www.notaoficial.com\/s\/wp-json\/wp\/v2\/users\/2"}],"replies":[{"embeddable":true,"href":"https:\/\/www.notaoficial.com\/s\/wp-json\/wp\/v2\/comments?post=6181"}],"version-history":[{"count":1,"href":"https:\/\/www.notaoficial.com\/s\/wp-json\/wp\/v2\/posts\/6181\/revisions"}],"predecessor-version":[{"id":6183,"href":"https:\/\/www.notaoficial.com\/s\/wp-json\/wp\/v2\/posts\/6181\/revisions\/6183"}],"wp:featuredmedia":[{"embeddable":true,"href":"https:\/\/www.notaoficial.com\/s\/wp-json\/wp\/v2\/media\/6182"}],"wp:attachment":[{"href":"https:\/\/www.notaoficial.com\/s\/wp-json\/wp\/v2\/media?parent=6181"}],"wp:term":[{"taxonomy":"category","embeddable":true,"href":"https:\/\/www.notaoficial.com\/s\/wp-json\/wp\/v2\/categories?post=6181"},{"taxonomy":"post_tag","embeddable":true,"href":"https:\/\/www.notaoficial.com\/s\/wp-json\/wp\/v2\/tags?post=6181"}],"curies":[{"name":"wp","href":"https:\/\/api.w.org\/{rel}","templated":true}]}}