{"id":6273,"date":"2019-08-22T10:06:01","date_gmt":"2019-08-22T14:06:01","guid":{"rendered":"http:\/\/www.notaoficial.com\/s\/?p=6273"},"modified":"2019-08-22T10:06:01","modified_gmt":"2019-08-22T14:06:01","slug":"margarita-celebra-la-gran-fiesta-del-yoga","status":"publish","type":"post","link":"https:\/\/www.notaoficial.com\/s\/2019\/08\/22\/margarita-celebra-la-gran-fiesta-del-yoga\/","title":{"rendered":"Margarita celebra la gran fiesta del yoga"},"content":{"rendered":"<p>El pr\u00f3ximo s\u00e1bado 31 de agosto de 2019, a partir de las 5:30 de la tarde , en los espacios de Bellalora Sunset, se realizar\u00e1 la gran fiesta del Yoga. Un evento en el cual M\u00fasica, Yoga y Conexi\u00f3n se fundir\u00e1n para celebrar esta disciplina milenaria de una forma diferente.<\/p>\n<p>Ser\u00e1 una experiencia \u00fanica, la primera Yogaparty en la isla de Margarita cargada de diversi\u00f3n y espiritualidad, en la cual cuerpo, mente y alma se conectar\u00e1n a trav\u00e9s de la m\u00fasica del Dj Mack Marquezz productor musical y artista visual, quien recorrer\u00e1 paisajes sonoros que van desde el ambient y m\u00fasica experimental hasta deephouse.<\/p>\n<p>Haydee Figueredo, certificada en la Asociaci\u00f3n Internacional de Yoga Yoghismo, Mariana Kert, Certificada por la Embajada de la India y alumna del Diplomado Internacional Yoga Yoghismo y Ray Viloria, Coach Ontol\u00f3gico, director de Yoga en S\u00edntesis Oriente y del Diplomado Internacional RYT 200, dar\u00e1n inicio al evento con una clase multinivel de dos horas, dise\u00f1ada para todo tipo de practicantes. Al terminar la clase, los asistentes disfrutar\u00e1n de un power juice (sin alcohol), incluido con la entrada. Bellalora ofrecer\u00e1 sus servicios, a excelentes precios, con diferentes opciones de comidas vegetarianas y no vegetarianas, para cualquier p\u00fablico.<\/p>\n<p>La tienda Tierra M\u00e1gica del C.C. AB, ha preparado un espacio, decorado con un rinc\u00f3n de la India para que los participantes tomen sus fotos y puedan guardar un recuerdo de esta ocasi\u00f3n especial.<\/p>\n<p>Finalmente los organizadores del evento agradecieron el apoyo de: Ango Gimnasio Spa, Avian Travel &amp; Services, Yoga Oriente, Agua Laboratorio (agencia de publicidad y Marketing), Tierra M\u00e1gica y Bellalora Sunset Restaurant.<\/p>\n<p>La cita es el 31 de agosto a las 5:00 pm en Bellalora Sunset, para mayor informaci\u00f3n los interesados pueden llamar al 04166813057\/ 04147926329 o contactar a traves del instagram @yogapartymgta<\/p>\n","protected":false},"excerpt":{"rendered":"<p>El pr\u00f3ximo s\u00e1bado 31 de agosto de 2019, a partir de las 5:30 de la tarde , en los espacios de Bellalora Sunset, se realizar\u00e1 la gran fiesta del Yoga. Un evento en el cual M\u00fasica, Yoga y Conexi\u00f3n se fundir\u00e1n para celebrar esta disciplina milenaria de una forma diferente. Ser\u00e1 una experiencia \u00fanica, la [&hellip;]<\/p>\n","protected":false},"author":2,"featured_media":6274,"comment_status":"closed","ping_status":"open","sticky":false,"template":"","format":"standard","meta":[],"categories":[93,2,5095],"tags":[1965,843,7412,7413,1957,7080],"wppr_data":[],"_links":{"self":[{"href":"https:\/\/www.notaoficial.com\/s\/wp-json\/wp\/v2\/posts\/6273"}],"collection":[{"href":"https:\/\/www.notaoficial.com\/s\/wp-json\/wp\/v2\/posts"}],"about":[{"href":"https:\/\/www.notaoficial.com\/s\/wp-json\/wp\/v2\/types\/post"}],"author":[{"embeddable":true,"href":"https:\/\/www.notaoficial.com\/s\/wp-json\/wp\/v2\/users\/2"}],"replies":[{"embeddable":true,"href":"https:\/\/www.notaoficial.com\/s\/wp-json\/wp\/v2\/comments?post=6273"}],"version-history":[{"count":1,"href":"https:\/\/www.notaoficial.com\/s\/wp-json\/wp\/v2\/posts\/6273\/revisions"}],"predecessor-version":[{"id":6275,"href":"https:\/\/www.notaoficial.com\/s\/wp-json\/wp\/v2\/posts\/6273\/revisions\/6275"}],"wp:featuredmedia":[{"embeddable":true,"href":"https:\/\/www.notaoficial.com\/s\/wp-json\/wp\/v2\/media\/6274"}],"wp:attachment":[{"href":"https:\/\/www.notaoficial.com\/s\/wp-json\/wp\/v2\/media?parent=6273"}],"wp:term":[{"taxonomy":"category","embeddable":true,"href":"https:\/\/www.notaoficial.com\/s\/wp-json\/wp\/v2\/categories?post=6273"},{"taxonomy":"post_tag","embeddable":true,"href":"https:\/\/www.notaoficial.com\/s\/wp-json\/wp\/v2\/tags?post=6273"}],"curies":[{"name":"wp","href":"https:\/\/api.w.org\/{rel}","templated":true}]}}