{"id":6287,"date":"2019-08-22T19:15:01","date_gmt":"2019-08-22T23:15:01","guid":{"rendered":"http:\/\/www.notaoficial.com\/s\/?p=6287"},"modified":"2019-08-22T10:16:49","modified_gmt":"2019-08-22T14:16:49","slug":"cesar-se-instala-en-el-top-5-de-monitor-latino","status":"publish","type":"post","link":"https:\/\/www.notaoficial.com\/s\/2019\/08\/22\/cesar-se-instala-en-el-top-5-de-monitor-latino\/","title":{"rendered":"C\u00e9sar se instala en el Top 5 de Monitor Latino"},"content":{"rendered":"<p>C\u00e9sar sigue cosechando \u00e9xitos con \u201cTe amo\u201d. Es que, con apenas cinco semanas sonando con insistencia en las radios venezolanas, esta balada con fusiones urbanas \u00a0ya est\u00e1 posicionada en los primeros lugares de la cartelera musical nacional.<\/p>\n<p>El tema, producido por Javier Galindez en Nueva York, ocupa el puesto #5 del Top 10 pop de Monitor Latino, mientras que dentro del listado general est\u00e1 en el #23. Es que \u201cTe amo\u201d ha logrado calar r\u00e1pidamente en el gusto del p\u00fablico venezolano.<\/p>\n<p>C\u00e9sar apuesta por este g\u00e9nero que, con el pasar del tiempo, ha dejado de ser tan comercial en el mundo de la m\u00fasica. Sin embargo, \u00e9l busca rescatar ese romanticismo que se ha perdido, es por ello que form\u00f3 una gran dupla con el productor venezolano Galindez, quien fue tambi\u00e9n el encargado de componer el tema, mientras que mezcla y master corrieron por cuenta del ganador de Grammy Latino Jean S\u00e1nchez.<\/p>\n<p>Por lo pronto, el cantante chileno se encuentra preparando una gira de medios por Venezuela, que le permitir\u00e1 no solo conectar con la prensa nacional, sino con los seguidores que ha ganado en este tiempo gracias a su gran talento y carisma.<\/p>\n<p><strong>Para conocercada paso de C\u00e9sar no duden en seguirlo en sus redes sociales como @cesarcantante__official.<\/strong><\/p>\n","protected":false},"excerpt":{"rendered":"<p>C\u00e9sar sigue cosechando \u00e9xitos con \u201cTe amo\u201d. Es que, con apenas cinco semanas sonando con insistencia en las radios venezolanas, esta balada con fusiones urbanas \u00a0ya est\u00e1 posicionada en los primeros lugares de la cartelera musical nacional. El tema, producido por Javier Galindez en Nueva York, ocupa el puesto #5 del Top 10 pop de [&hellip;]<\/p>\n","protected":false},"author":2,"featured_media":6288,"comment_status":"closed","ping_status":"open","sticky":false,"template":"","format":"standard","meta":[],"categories":[146],"tags":[7118,7418],"wppr_data":[],"_links":{"self":[{"href":"https:\/\/www.notaoficial.com\/s\/wp-json\/wp\/v2\/posts\/6287"}],"collection":[{"href":"https:\/\/www.notaoficial.com\/s\/wp-json\/wp\/v2\/posts"}],"about":[{"href":"https:\/\/www.notaoficial.com\/s\/wp-json\/wp\/v2\/types\/post"}],"author":[{"embeddable":true,"href":"https:\/\/www.notaoficial.com\/s\/wp-json\/wp\/v2\/users\/2"}],"replies":[{"embeddable":true,"href":"https:\/\/www.notaoficial.com\/s\/wp-json\/wp\/v2\/comments?post=6287"}],"version-history":[{"count":1,"href":"https:\/\/www.notaoficial.com\/s\/wp-json\/wp\/v2\/posts\/6287\/revisions"}],"predecessor-version":[{"id":6289,"href":"https:\/\/www.notaoficial.com\/s\/wp-json\/wp\/v2\/posts\/6287\/revisions\/6289"}],"wp:featuredmedia":[{"embeddable":true,"href":"https:\/\/www.notaoficial.com\/s\/wp-json\/wp\/v2\/media\/6288"}],"wp:attachment":[{"href":"https:\/\/www.notaoficial.com\/s\/wp-json\/wp\/v2\/media?parent=6287"}],"wp:term":[{"taxonomy":"category","embeddable":true,"href":"https:\/\/www.notaoficial.com\/s\/wp-json\/wp\/v2\/categories?post=6287"},{"taxonomy":"post_tag","embeddable":true,"href":"https:\/\/www.notaoficial.com\/s\/wp-json\/wp\/v2\/tags?post=6287"}],"curies":[{"name":"wp","href":"https:\/\/api.w.org\/{rel}","templated":true}]}}