{"id":6312,"date":"2019-08-26T13:48:12","date_gmt":"2019-08-26T17:48:12","guid":{"rendered":"http:\/\/www.notaoficial.com\/s\/?p=6312"},"modified":"2019-08-26T09:50:38","modified_gmt":"2019-08-26T13:50:38","slug":"jesus-de-alva-regresa-a-la-pantalla-por-todo-lo-alto","status":"publish","type":"post","link":"https:\/\/www.notaoficial.com\/s\/2019\/08\/26\/jesus-de-alva-regresa-a-la-pantalla-por-todo-lo-alto\/","title":{"rendered":"Jes\u00fas De Alva regresa a la pantalla por todo lo alto"},"content":{"rendered":"<p><strong>Como es bien sabido, el Zulia se caracteriza por exportar talento del bueno a cualquier parte del pa\u00eds y del mundo en cualquier rama art\u00edstica<\/strong>. Y es que, luego de su paso por el M\u00edster Venezuela, <strong>Jes\u00fas de Alva le dio un vuelco fresco a la televisi\u00f3n nacional en las filas de Venevisi\u00f3n, ese que hac\u00eda falta<\/strong>.<\/p>\n<p>Sin embargo, <strong>luego de su salida de \u201cPortadas\u201d, el talentoso animador<\/strong> se dio un merecido descanso para reinventarse. Ahora <strong>regresa por todo lo alto al frente de la animaci\u00f3n del Miss Earth Venezuela 2019<\/strong>. <strong>\u201cConsideraba al Miss Earth Venezuela \u00a0una asignatura pendiente en mi carrera, y ahora que es tangible ese deseo<\/strong> es evidente que tengo la gran responsabilidad de ofrecer un trabajo de calidad\u201d, comenta De Alva.<\/p>\n<p>Pero no estar\u00e1 solo, pues <strong>compartir\u00e1 escenario con Migbelis Castellanos y Melisa Rauseo<\/strong>, lo que lo tiene m\u00e1s que contento: \u201c<strong>Estoy muy emocionado <\/strong><strong>con \u00a0respecto a mis compa\u00f1eras. Melisa es una gran periodista de far\u00e1ndula y Migbelis es Nuestra Belleza Latina y paisana, no tienen idea las veces que ped\u00ed compartir escenario con ella en un evento de este nivel<\/strong>\u201d, afirma.<\/p>\n<p><strong>Desde que se conoci\u00f3 la noticia de que regresar\u00eda a la animaci\u00f3n en la pantalla venezolana a trav\u00e9s del canal de la G dorada, Jes\u00fas De Alva se ha vuelto viral y sus\u00a0 impresiones no se hicieron esperar<\/strong>. \u201cSe <strong>siente incre\u00edble, pero a\u00fan mejor por ser el Miss Earth Venezuela y a trav\u00e9s de Globovisi\u00f3n. Los grandes eventos siempre son grandes responsabilidades y m\u00e1s a\u00fan para mi pa\u00eds<\/strong>, as\u00ed que la preparaci\u00f3n comenz\u00f3 desde que me hicieron la propuesta, les adelant\u00f3 que ser\u00e1 un muy buen show\u201d, dice.<\/p>\n<p>Por otro lado, <strong>Jes\u00fas no parar\u00e1 de trabajar, ya que <\/strong><strong>el reconocido animador se prepara para los futuros proyectos<\/strong> que est\u00e1 pr\u00f3ximo a desarrollar y de los que pronto dar\u00e1 detalles. \u201cDe momento, <strong>estoy trabajando con Efecto De Alva y en procesos con unos proyectos en marketing bien interesantes<\/strong> que nacieron con un prop\u00f3sito, y es hacer un gran aporte en el pa\u00eds y a su capital humano, ya pronto se enterar\u00e1n con detalles\u201d, finaliza<\/p>\n<p>Para conocer m\u00e1s de Jes\u00fas De Alva pueden seguirlo a trav\u00e9s de sus redes sociales como\u00a0<strong>@jesusdealva<\/strong> y <strong>@efectodealva<\/strong>.<\/p>\n","protected":false},"excerpt":{"rendered":"<p>Como es bien sabido, el Zulia se caracteriza por exportar talento del bueno a cualquier parte del pa\u00eds y del mundo en cualquier rama art\u00edstica. Y es que, luego de su paso por el M\u00edster Venezuela, Jes\u00fas de Alva le dio un vuelco fresco a la televisi\u00f3n nacional en las filas de Venevisi\u00f3n, ese que [&hellip;]<\/p>\n","protected":false},"author":2,"featured_media":6313,"comment_status":"closed","ping_status":"open","sticky":false,"template":"","format":"standard","meta":[],"categories":[463,2],"tags":[6006,7440,7439],"wppr_data":[],"_links":{"self":[{"href":"https:\/\/www.notaoficial.com\/s\/wp-json\/wp\/v2\/posts\/6312"}],"collection":[{"href":"https:\/\/www.notaoficial.com\/s\/wp-json\/wp\/v2\/posts"}],"about":[{"href":"https:\/\/www.notaoficial.com\/s\/wp-json\/wp\/v2\/types\/post"}],"author":[{"embeddable":true,"href":"https:\/\/www.notaoficial.com\/s\/wp-json\/wp\/v2\/users\/2"}],"replies":[{"embeddable":true,"href":"https:\/\/www.notaoficial.com\/s\/wp-json\/wp\/v2\/comments?post=6312"}],"version-history":[{"count":1,"href":"https:\/\/www.notaoficial.com\/s\/wp-json\/wp\/v2\/posts\/6312\/revisions"}],"predecessor-version":[{"id":6314,"href":"https:\/\/www.notaoficial.com\/s\/wp-json\/wp\/v2\/posts\/6312\/revisions\/6314"}],"wp:featuredmedia":[{"embeddable":true,"href":"https:\/\/www.notaoficial.com\/s\/wp-json\/wp\/v2\/media\/6313"}],"wp:attachment":[{"href":"https:\/\/www.notaoficial.com\/s\/wp-json\/wp\/v2\/media?parent=6312"}],"wp:term":[{"taxonomy":"category","embeddable":true,"href":"https:\/\/www.notaoficial.com\/s\/wp-json\/wp\/v2\/categories?post=6312"},{"taxonomy":"post_tag","embeddable":true,"href":"https:\/\/www.notaoficial.com\/s\/wp-json\/wp\/v2\/tags?post=6312"}],"curies":[{"name":"wp","href":"https:\/\/api.w.org\/{rel}","templated":true}]}}