{"id":6334,"date":"2019-08-29T03:22:58","date_gmt":"2019-08-29T07:22:58","guid":{"rendered":"http:\/\/www.notaoficial.com\/s\/?p=6334"},"modified":"2019-08-29T01:26:45","modified_gmt":"2019-08-29T05:26:45","slug":"veronica-concha-se-abre-camino-en-la-industria-musica-de-los-angeles","status":"publish","type":"post","link":"https:\/\/www.notaoficial.com\/s\/2019\/08\/29\/veronica-concha-se-abre-camino-en-la-industria-musica-de-los-angeles\/","title":{"rendered":"Ver\u00f3nica Concha se abre camino en la Industria M\u00fasica de Los \u00c1ngeles"},"content":{"rendered":"<p dir=\"ltr\"><span style=\"color: #000000;\">Cada d\u00eda son m\u00e1s los venezolanos que recorren el mundo dejando el nombre de nuestro pa\u00eds en alto. La Industria de la M\u00fasica del mundo ha ganado a distintos trabajadores de este sector que se han formado y dado sus primeros pasos en nuestra tierra. Este es el caso de Ver\u00f3nica Concha, una joven venezolana que deja claro su talento con tan solo leer algunos de sus \u00e9xitos.<\/span><\/p>\n<p dir=\"ltr\"><span style=\"color: #000000;\">Para nadie es un secreto que la Industria de la M\u00fasica sigue dominada por los hombres; sin embargo, en los \u00faltimos a\u00f1os, hemos recibido gratas noticias. No solo las artistas femeninas se han impuesto, sino que tambi\u00e9n el nombre de muchas mujeres han lucido en el \u00e1mbito de los negocios y Ver\u00f3nica Concha es un<span class=\"gmail_default\">o<\/span> de ellos.<\/span><\/p>\n<p dir=\"ltr\"><span style=\"color: #000000;\">Ver\u00f3nica comenz\u00f3 su trabajo en producci\u00f3n a muy corta edad en la c\u00e9lebre compa\u00f1\u00eda \u201cMagnishow\u201d. All\u00ed trabaj<span class=\"gmail_default\">\u00f3<\/span> para m\u00e1s de 100 show<span class=\"gmail_default\">s<\/span>. Entre conciertos, presentaciones, fiestas, eventos; Ver\u00f3nica Concha se prepar\u00f3 para su mayor reto, trabajar en una de las ciudades m\u00e1s importantes del mundo en el sector del entretenimiento: Los Angeles, California.<\/span><\/p>\n<p dir=\"ltr\"><span style=\"color: #000000;\">Ver\u00f3nica Concha en el 2017 comienza a estudiar Music Business en Full Sail University; prestigiosa academia reconocida por graduar a personalidades importantes de la Industria como Stephen Beres (Emmy award winner producer, Vice Presidente de Studio &amp; Production Services en HBO), Gary Rizzo (ha ganado 2 oscars por ingenieria de sonido), Marcella Araica (ha grabado proyectos con artistas como, Pink, Madonna, Duran Duran, Britney Spears etc), Sebastian Krys (5 Grammys y 12 Latin Grammys por producci\u00f3n y mezcla de albums). Sus estudios los comparti\u00f3 con la producci\u00f3n de algunos videos del g\u00e9nero rap, hip hop, blues y pop.\u00a0<\/span><\/p>\n<p dir=\"ltr\"><span style=\"color: #000000;\"><br \/>\nAl graduarse logr\u00f3 conseguir un lebel, llamado Rebeleon Entertainment, el CEO y fundador del label Sebastian Krys (ganador de 17 grammys, A&amp;R de proyectos como Juanes, \u201cDespacito\u201d de Luis Fonsi y Daddy Yankee, y productor de \u00e1lbumes como \u00bfD\u00f3nde Est\u00e1n Los Ladrones? de Shakira, Enrique Iglesias, Carlos Vives, y La Santa Cecilia).\u00a0<\/span><\/p>\n<p dir=\"ltr\"><span style=\"color: #000000;\"><span style=\"font-family: Calibri, sans-serif;\">Actualmente trabaja como A&amp;R y coordinaci\u00f3n de producci\u00f3n, donde ha formado parte de<\/span> proyectos como el nuevo \u00e1lbum de Alejandra Guzm\u00e1n (La Guzm\u00e1n Live at The Roxy) que estar\u00e1 disponible en Septiembre en las plataformas digitales y en DVD. As\u00ed como tambi\u00e9n en el \u00e1lbum de Santa Cecilia (Banda ganadora de un Grammy por Best Latin Rock, Urban or Alternative Album). Adicional, ha formado parte del lanzamiento de sencillos como \u201cLa Entrevista\u201d y \u201cAqu\u00ed Estoy\u201d de Cami, \u201cWinning\u201d de La Santa Cecilia, \u201cMaldita\u201d de Wapea ft. Feid, \u201cVacilar\u201d de Wapea, \u201cBien Buena\u201dy \u201cMente Loca\u201d de Nat\u2019lee.<br \/>\n<\/span><\/p>\n<p dir=\"ltr\"><span style=\"color: #000000;\">Ver\u00f3nica Concha se prepara para asumir el reto de formar parte del equipo de producci\u00f3n del show \u201cLos Producers\u201d en la semana de los Latin Grammys y desde Venezuela le deseamos el mayor de los \u00e9xitos.<\/span><\/p>\n<p dir=\"ltr\"><span style=\"color: #000000;\">Si\u00e9ntete Orgulloso de esta Venezolana<\/span><\/p>\n<p dir=\"ltr\"><span style=\"color: #000000;\">\u00a1Comparte su experiencia!<\/span><\/p>\n","protected":false},"excerpt":{"rendered":"<p>Cada d\u00eda son m\u00e1s los venezolanos que recorren el mundo dejando el nombre de nuestro pa\u00eds en alto. La Industria de la M\u00fasica del mundo ha ganado a distintos trabajadores de este sector que se han formado y dado sus primeros pasos en nuestra tierra. Este es el caso de Ver\u00f3nica Concha, una joven venezolana [&hellip;]<\/p>\n","protected":false},"author":2,"featured_media":6337,"comment_status":"closed","ping_status":"open","sticky":false,"template":"","format":"standard","meta":[],"categories":[146],"tags":[7445,7447,7446,7444],"wppr_data":[],"_links":{"self":[{"href":"https:\/\/www.notaoficial.com\/s\/wp-json\/wp\/v2\/posts\/6334"}],"collection":[{"href":"https:\/\/www.notaoficial.com\/s\/wp-json\/wp\/v2\/posts"}],"about":[{"href":"https:\/\/www.notaoficial.com\/s\/wp-json\/wp\/v2\/types\/post"}],"author":[{"embeddable":true,"href":"https:\/\/www.notaoficial.com\/s\/wp-json\/wp\/v2\/users\/2"}],"replies":[{"embeddable":true,"href":"https:\/\/www.notaoficial.com\/s\/wp-json\/wp\/v2\/comments?post=6334"}],"version-history":[{"count":1,"href":"https:\/\/www.notaoficial.com\/s\/wp-json\/wp\/v2\/posts\/6334\/revisions"}],"predecessor-version":[{"id":6338,"href":"https:\/\/www.notaoficial.com\/s\/wp-json\/wp\/v2\/posts\/6334\/revisions\/6338"}],"wp:featuredmedia":[{"embeddable":true,"href":"https:\/\/www.notaoficial.com\/s\/wp-json\/wp\/v2\/media\/6337"}],"wp:attachment":[{"href":"https:\/\/www.notaoficial.com\/s\/wp-json\/wp\/v2\/media?parent=6334"}],"wp:term":[{"taxonomy":"category","embeddable":true,"href":"https:\/\/www.notaoficial.com\/s\/wp-json\/wp\/v2\/categories?post=6334"},{"taxonomy":"post_tag","embeddable":true,"href":"https:\/\/www.notaoficial.com\/s\/wp-json\/wp\/v2\/tags?post=6334"}],"curies":[{"name":"wp","href":"https:\/\/api.w.org\/{rel}","templated":true}]}}