{"id":6367,"date":"2019-09-01T23:14:11","date_gmt":"2019-09-02T03:14:11","guid":{"rendered":"http:\/\/www.notaoficial.com\/s\/?p=6367"},"modified":"2019-09-01T14:16:35","modified_gmt":"2019-09-01T18:16:35","slug":"la-plataforma-digital-venezolana-trafico-visual-estara-presente-en-el-45-salon-nacional-de-artistas","status":"publish","type":"post","link":"https:\/\/www.notaoficial.com\/s\/2019\/09\/01\/la-plataforma-digital-venezolana-trafico-visual-estara-presente-en-el-45-salon-nacional-de-artistas\/","title":{"rendered":"La plataforma digital venezolana Tr\u00e1fico Visual  estar\u00e1 presente en el 45 Sal\u00f3n Nacional de Artistas"},"content":{"rendered":"<p>La plataforma digital venezolana, Tr\u00e1fico Visual, participar\u00e1 en el 45 Sal\u00f3n Nacional de Artistas, que se llevar\u00e1 a cabo del 14 de septiembre al 4 de noviembre de 2019 en Bogot\u00e1 como parte de la curaduria titulada: \u201cel rev\u00e9s de la trama\u201d, con m\u00e1s de 150 artistas que transitar\u00e1n por distintos medios bajo la direcci\u00f3n art\u00edstica de Alejandro Mart\u00edn, curador del Museo de La Tertulia de Cali.<\/p>\n<p>Con esta cita, Tr\u00e1fico Visual celebra diez a\u00f1os dedicados a informar sobre las artes visuales y la cultura contempor\u00e1nea a trav\u00e9s de recursos digitales innovadores, transmisiones en tiempo real, podcasts y videos, orientados a preservar un archivo f\u00e1cilmente accesible de la historia del arte venezolano.<\/p>\n<p>En el 45 SNA, Tr\u00e1fico Visual estar\u00e1 presente durante tres semanas \u2013del 14 de septiembre al 10 de octubre\u2013 con un proyecto titulado \u00abCruzando la l\u00ednea\u201d en la sede de la Cinemateca de Bogot\u00e1, como parte de una de las 9 propuestas curatoriales que conforman el Sal\u00f3n, como es Instancias de Ana Mar\u00eda Montenegro.<\/p>\n<p>\u201cCruzaremos la l\u00ednea de lo virtual y desarrollaremos un programa de actividades presenciales con transmisiones en vivo que abarcan desde foros, conversaciones con artistas e investigadores venezolanos y colombianos, as\u00ed como un conjunto de proyecciones de las m\u00e1s representativas obras audiovisuales de Venezuela en las \u00faltimas d\u00e9cadas\u201d \u2013explica la art\u00edfice y fundadora de Tr\u00e1fico Visual, Ileana Ram\u00edrez\u2013 \u201cAdicionalmente contaremos con un calendario de ciclos de video arte escogidos por plataformas aliadas y artistas interesados en las implicaciones de la imagen en movimiento\u201d.<\/p>\n<p>De acuerdo a Ileana Ram\u00edrez, \u00abCruzando la l\u00ednea\u201d tiene como objetivo \u201ctraspasar los l\u00edmites y barreras que se nos imponen por razones geopol\u00edticas ya que consideramos que nuestra responsabilidad como medio de comunicaci\u00f3n, es romper los m\u00e1rgenes de lo virtual, a trav\u00e9s de las redes sociales y plataformas para convocar al encuentro de actores de la comunidad art\u00edstica con el prop\u00f3sito de producir ideas, cr\u00edticas y un intercambio reflexivo sobre asuntos sensibles de nuestra contemporaneidad como lo son: la migraci\u00f3n, el desplazamiento, la deslocalizaci\u00f3n que cada vez con m\u00e1s frecuencia son temas de estudio en las obras de artistas y el an\u00e1lisis de investigadores\u201d.<\/p>\n<p>Cabe destacar que todas las actividades ser\u00e1n grabadas y alojadas en las plataformas digitales de Tr\u00e1fico Visual, generando un archivo virtual que podr\u00e1 ser consultado posteriormente. Adem\u00e1s se har\u00e1 una revisi\u00f3n de los archivos videogr\u00e1ficos producidos por Tr\u00e1fico Visual y una serie de entrevistas v\u00eda Web con diferentes personalidades de la cultura en Colombia, con la finalidad de conocer sus miradas acerca del impacto de la migraci\u00f3n acelerada de venezolanos, seg\u00fan indic\u00f3 Ram\u00edrez.<\/p>\n<p>Por su parte, el cr\u00edtico de arte, investigador y curador F\u00e9lix Suazo, afirma que en el marco de esta programaci\u00f3n, \u201cse abordan las relaciones culturales entre la naci\u00f3n anfitriona y Venezuela, pa\u00edses que comparten momentos de una historia com\u00fan, de idas y reflujos, tensiones y reencuentros. Artistas, investigadores y curadores de ambos lados de la frontera intercambian ideas y revisan situaciones que definen un nuevo panorama bilateral. La ciudad, la migraci\u00f3n, la memoria son cuestiones medulares que tienen un impacto material y simb\u00f3lico en la vida de ambos pa\u00edses. El arte \u2014especialmente \u00a0las pr\u00e1cticas cinem\u00e1ticas y videogr\u00e1ficas\u2014 sirve de veh\u00edculo para transitar un imaginario complejo, con diversas caras, a uno y otro lado de la l\u00ednea\u201d.<\/p>\n<p>Artistas y Directores de video arte y pel\u00edculas de distintas generaciones y trayectorias ser\u00e1n parte de la programaci\u00f3n en los dos espacios de tanto de\u00a0 proyecci\u00f3n como de foros de la Cinemateca de Bogot\u00e1\u00a0 entre los que se destacan nombres como Jorge Thielen Armand, Andr\u00e9s Duque, Carlos Castillo, Victor Cadet-Carlos Zerpa, Jos\u00e9 Castillo (Castillito), Rolando Pe\u00f1a, Margarita D\u2019Amico, Diego Risquez, Muu Blanco, \u00a0Costanza De Rogatis, Angela Bonadies, Federico Ovalles-Ar, Ricardo Pe\u00f1a, Armando Ruiz, Rodrigo Figueroa, Corina Lipavsky, Zeinab Bulhossen y Camilo Barboza, entre otros quienes junto a la alianza de las organizaciones Nodo CCS (Diana Rangel y Mar\u00eda Bilbao), El Avispero Art Residency (Erika Ordosgoiti), La Bohemia Hipermedi\u00e1tica (Humberto Valdivieso, UCAB) y Montenegro y Lafont Producciones hacen posible este encuentro\u00a0 cultural de tres semanas de actividades en la capital colombiana.<\/p>\n<p>El proyecto \u00abCruzando la l\u00ednea\u201d de Tr\u00e1fico Visual, se estar\u00e1 presentando del 14 de septiembre al 10 de octubre de 2019 en el 45 Sal\u00f3n Nacional de Artistas, en la sede de la Cinemateca de Bogot\u00e1, ubicada en Carrera 3 No. 19 &#8211; 10 Bogot\u00e1, Colombia.<\/p>\n<p>&nbsp;<\/p>\n<p>Instagram: @traficovisual<\/p>\n<p>Facebook: @Trafico Visual<\/p>\n<p>Twitter: @traficovisua<\/p>\n<p>&nbsp;<\/p>\n<p>Instagram: @salonnacionaldeartistas<\/p>\n<p>Facebook: @45SNA<\/p>\n<p>Twitter: @45sna_<\/p>\n","protected":false},"excerpt":{"rendered":"<p>La plataforma digital venezolana, Tr\u00e1fico Visual, participar\u00e1 en el 45 Sal\u00f3n Nacional de Artistas, que se llevar\u00e1 a cabo del 14 de septiembre al 4 de noviembre de 2019 en Bogot\u00e1 como parte de la curaduria titulada: \u201cel rev\u00e9s de la trama\u201d, con m\u00e1s de 150 artistas que transitar\u00e1n por distintos medios bajo la direcci\u00f3n [&hellip;]<\/p>\n","protected":false},"author":2,"featured_media":6368,"comment_status":"closed","ping_status":"open","sticky":false,"template":"","format":"standard","meta":[],"categories":[146],"tags":[7469,355,2444,7467,7470,7468],"wppr_data":[],"_links":{"self":[{"href":"https:\/\/www.notaoficial.com\/s\/wp-json\/wp\/v2\/posts\/6367"}],"collection":[{"href":"https:\/\/www.notaoficial.com\/s\/wp-json\/wp\/v2\/posts"}],"about":[{"href":"https:\/\/www.notaoficial.com\/s\/wp-json\/wp\/v2\/types\/post"}],"author":[{"embeddable":true,"href":"https:\/\/www.notaoficial.com\/s\/wp-json\/wp\/v2\/users\/2"}],"replies":[{"embeddable":true,"href":"https:\/\/www.notaoficial.com\/s\/wp-json\/wp\/v2\/comments?post=6367"}],"version-history":[{"count":1,"href":"https:\/\/www.notaoficial.com\/s\/wp-json\/wp\/v2\/posts\/6367\/revisions"}],"predecessor-version":[{"id":6369,"href":"https:\/\/www.notaoficial.com\/s\/wp-json\/wp\/v2\/posts\/6367\/revisions\/6369"}],"wp:featuredmedia":[{"embeddable":true,"href":"https:\/\/www.notaoficial.com\/s\/wp-json\/wp\/v2\/media\/6368"}],"wp:attachment":[{"href":"https:\/\/www.notaoficial.com\/s\/wp-json\/wp\/v2\/media?parent=6367"}],"wp:term":[{"taxonomy":"category","embeddable":true,"href":"https:\/\/www.notaoficial.com\/s\/wp-json\/wp\/v2\/categories?post=6367"},{"taxonomy":"post_tag","embeddable":true,"href":"https:\/\/www.notaoficial.com\/s\/wp-json\/wp\/v2\/tags?post=6367"}],"curies":[{"name":"wp","href":"https:\/\/api.w.org\/{rel}","templated":true}]}}