{"id":6381,"date":"2019-09-02T22:45:47","date_gmt":"2019-09-03T02:45:47","guid":{"rendered":"http:\/\/www.notaoficial.com\/s\/?p=6381"},"modified":"2019-09-02T18:49:48","modified_gmt":"2019-09-02T22:49:48","slug":"al-ritmo-de-david-pena-y-convidados-comienza-sons-de-brasil-2019","status":"publish","type":"post","link":"https:\/\/www.notaoficial.com\/s\/2019\/09\/02\/al-ritmo-de-david-pena-y-convidados-comienza-sons-de-brasil-2019\/","title":{"rendered":"Al ritmo de David Pe\u00f1a y Convidados comienza Sons de Brasil 2019"},"content":{"rendered":"<div>Cuando en el mundo quedan ya escasos territorios por explorar, existe todav\u00eda una inmensa regi\u00f3n musical casi completamente desconocida m\u00e1s all\u00e1 de las fronteras del Gigante del Sur: el del choro, cuya importancia est\u00e9tica es tan trascendental como la de otras grandes m\u00fasicas populares instrumentales de nuestros tiempos: el jazz, el tango o el flamenco, por nombrar algunas.<\/div>\n<div>\nEse g\u00e9nero de ra\u00edz carioca que resume y entreteje buena parte de la historia musical brasile\u00f1a, del cual han surgido nombre de leyendas como de Jacob do Bandolim, Ernesto Nazareth, Waldir Azevedo y Pixinguinha, entre otros m\u00fasicos y compositores fundamentales; cautivar\u00e1 al p\u00fablico citadino el domingo 8 de septiembre, a las 11:30 de la ma\u00f1ana, en <b>Cordas Choradas<\/b> con <b><i>David Pe\u00f1a y Convidados<\/i><\/b>.<\/div>\n<div>\nArtista de m\u00faltiples facetas, a lo largo de su carrera <b>David Pe\u00f1a<\/b> ha sido reconocido principalmente como contrabajista de Ensamble Gurruf\u00edo, agrupaci\u00f3n emblema de la m\u00fasica venezolana, mas talento como guitarrista tambi\u00e9n le ha ganado aplausos y excelentes cr\u00edticas en distintos escenarios del mundo.<\/div>\n<div>\n<i>Brasileirinho<\/i>, <i>Doce de Coco<\/i>, <i>Assanhado<\/i>, <i>Vibracoes<\/i>, <i>Carinhoso<\/i>, <i>Tito Tico No Fub\u00e1, Santa Morena, <\/i><i>Um a Zero<\/i>, <i>Noites Cariocas<\/i>, <i>Brejeiro<\/i>, <i>Reminisc\u00eancias,\u00a0<\/i><i>Ode\u00f3n, <\/i>son algunos de los chorinhos que armonizar\u00e1n este atemporal viaje musical en el que, como convidados de lujo, estar\u00e1n <b>Pedro Mar\u00edn<\/b>, en la mandolina y voz; <b>Williams Mora<\/b>, en el clarinete y voz,\u00a0y<b> Pedro Isea <\/b>en la percusi\u00f3n y voz<b>.<\/b><\/div>\n<div>\n\u201cEl formato minimalista y flexible del cuarteto permitir\u00e1 al p\u00fablico apreciar la rica sonoridad de cada instrumento y gozar los elegantes matices de un repertorio con mucho swing, que muestra la complejidad y belleza de este fecundo estilo instrumental popular\u201d, afirma Pe\u00f1a.<\/div>\n<div>\nEn este concierto -que se celebrar\u00e1 en la atm\u00f3sfera \u00edntima y cercana de la sala Experimental del Centro Cultural BOD-, el m\u00fasico caraque\u00f1o dar\u00e1 muestra de su versatilidad, esta vez con la guitarra 7 cuerdas, \u201cesa maravilla genuinamente brasile\u00f1a en su uso, t\u00e9cnica y lenguaje, creada a mediados del siglo XX con la funci\u00f3n del contrapunto en las cuerdas bajas, que luego se convirti\u00f3 en instrumento solista de plena sonoridad, con un registro bajo m\u00e1s amplio que la guitarra de 6 cuerdas\u201d, explica.<\/div>\n<div>\n<b><i>Cordas Choradas<\/i><\/b> marca el inicio de la edici\u00f3n 2019 de SONS DE BRASIL que revisar\u00e1, en cuatro conciertos,\u00a0estilos fundamentales de la exuberante y rica cultura musical de ese pa\u00eds.\u00a0 As\u00ed, el domingo 15 de septiembre tocar\u00e1 el turno a Coral Lombana y Edepson Gonz\u00e1lez en un tributo a Joao Gilberto; el domingo 22, dos cantantes venezolanas, Gladys Salazar y Magda Albarrac\u00edn, se pasear\u00e1n por el MPB, y el domingo 29 cierra el ciclo la agrupaci\u00f3n de pagode Companhia do Samba<i>.<\/i><\/div>\n<div>\nLas entradas para<b><i>\u00a0David Pe\u00f1a y Convidados: Cordas Choradas<\/i><\/b>,\u00a0\u00a0est\u00e1n a la venta en las taquillas\u00a0del teatro, en La Castellana, y a trav\u00e9s de \u00a0<a href=\"https:\/\/us16.mailchimp.com\/mctx\/click?url=http%3A%2F%2Fwww.ticketmundo.com%2F&amp;xid=faae8a6bd3&amp;uid=79394242&amp;pool=&amp;subject=\" target=\"_blank\" rel=\"noopener\" data-saferedirecturl=\"https:\/\/www.google.com\/url?q=https:\/\/us16.mailchimp.com\/mctx\/click?url%3Dhttp%253A%252F%252Fwww.ticketmundo.com%252F%26xid%3Dfaae8a6bd3%26uid%3D79394242%26pool%3D%26subject%3D&amp;source=gmail&amp;ust=1567549675728000&amp;usg=AFQjCNGTlwVqPvv8ID7TDTdQHpHRgci_4A\">www.ticketmundo.com<\/a>. Mayor informaci\u00f3n en <a href=\"https:\/\/us16.mailchimp.com\/mctx\/click?url=http%3A%2F%2Fwww.centroculturalbod.com%2F&amp;xid=faae8a6bd3&amp;uid=79394242&amp;pool=&amp;subject=\" target=\"_blank\" rel=\"noopener\" data-saferedirecturl=\"https:\/\/www.google.com\/url?q=https:\/\/us16.mailchimp.com\/mctx\/click?url%3Dhttp%253A%252F%252Fwww.centroculturalbod.com%252F%26xid%3Dfaae8a6bd3%26uid%3D79394242%26pool%3D%26subject%3D&amp;source=gmail&amp;ust=1567549675728000&amp;usg=AFQjCNFaZ7vcbAAs8Xg64gcq7oJFbtgH-Q\">www.centroculturalbod.com<\/a>\u00a0 o por las redes sociales del @cculturalbod.<\/div>\n<div>\n<i>M\u00e1s del artista en sus redes sociales<\/i><br \/>\n<b>@zancudobass<\/b><\/div>\n","protected":false},"excerpt":{"rendered":"<p>Cuando en el mundo quedan ya escasos territorios por explorar, existe todav\u00eda una inmensa regi\u00f3n musical casi completamente desconocida m\u00e1s all\u00e1 de las fronteras del Gigante del Sur: el del choro, cuya importancia est\u00e9tica es tan trascendental como la de otras grandes m\u00fasicas populares instrumentales de nuestros tiempos: el jazz, el tango o el flamenco, [&hellip;]<\/p>\n","protected":false},"author":2,"featured_media":6382,"comment_status":"closed","ping_status":"open","sticky":false,"template":"","format":"standard","meta":[],"categories":[463,2],"tags":[7448,7505,3714,2456],"wppr_data":[],"_links":{"self":[{"href":"https:\/\/www.notaoficial.com\/s\/wp-json\/wp\/v2\/posts\/6381"}],"collection":[{"href":"https:\/\/www.notaoficial.com\/s\/wp-json\/wp\/v2\/posts"}],"about":[{"href":"https:\/\/www.notaoficial.com\/s\/wp-json\/wp\/v2\/types\/post"}],"author":[{"embeddable":true,"href":"https:\/\/www.notaoficial.com\/s\/wp-json\/wp\/v2\/users\/2"}],"replies":[{"embeddable":true,"href":"https:\/\/www.notaoficial.com\/s\/wp-json\/wp\/v2\/comments?post=6381"}],"version-history":[{"count":1,"href":"https:\/\/www.notaoficial.com\/s\/wp-json\/wp\/v2\/posts\/6381\/revisions"}],"predecessor-version":[{"id":6383,"href":"https:\/\/www.notaoficial.com\/s\/wp-json\/wp\/v2\/posts\/6381\/revisions\/6383"}],"wp:featuredmedia":[{"embeddable":true,"href":"https:\/\/www.notaoficial.com\/s\/wp-json\/wp\/v2\/media\/6382"}],"wp:attachment":[{"href":"https:\/\/www.notaoficial.com\/s\/wp-json\/wp\/v2\/media?parent=6381"}],"wp:term":[{"taxonomy":"category","embeddable":true,"href":"https:\/\/www.notaoficial.com\/s\/wp-json\/wp\/v2\/categories?post=6381"},{"taxonomy":"post_tag","embeddable":true,"href":"https:\/\/www.notaoficial.com\/s\/wp-json\/wp\/v2\/tags?post=6381"}],"curies":[{"name":"wp","href":"https:\/\/api.w.org\/{rel}","templated":true}]}}