{"id":6387,"date":"2019-09-03T22:53:51","date_gmt":"2019-09-04T02:53:51","guid":{"rendered":"http:\/\/www.notaoficial.com\/s\/?p=6387"},"modified":"2019-09-03T20:57:16","modified_gmt":"2019-09-04T00:57:16","slug":"el-terror-regresa-a-sus-vidas-27-anos-despues-en-it-capitulo-2","status":"publish","type":"post","link":"https:\/\/www.notaoficial.com\/s\/2019\/09\/03\/el-terror-regresa-a-sus-vidas-27-anos-despues-en-it-capitulo-2\/","title":{"rendered":"El terror regresa a sus vidas 27 a\u00f1os despu\u00e9s en \u201cIt: Cap\u00edtulo 2\u201d."},"content":{"rendered":"<p>El pr\u00f3ximo viernes 6 de septiembre llega a las salas de Cines Unidos ubicadas en las principales ciudades del pa\u00eds \u201cIt: Cap\u00edtulo 2\u201d.<\/p>\n<p>Cines Unidos anuncia el estreno de \u201cIt: Cap\u00edtulo 2\u201d, la escalofriante segunda parte de la pel\u00edcula original basada en la famosa novela de Stephen King, el maestro del terror contempor\u00e1neo. El intimidante payaso Pennywise ha regresado a la cartelera, para sembrar el p\u00e1nico en el episodio final de una de las historias m\u00e1s legendarias del g\u00e9nero.<\/p>\n<p>El mal resurgir\u00e1 en Derry cuando el director Andy Muschietti re\u00fana al Club de los Perdedores \u2014j\u00f3venes y adultos\u2014 en el lugar donde todo comenz\u00f3 para IT: Cap\u00edtulo 2. El mal vuelve a la ciudad de Derry, Maine, cuando los personajes de la primera parte de esta saga se re\u00fanen casi tres d\u00e9cadas despu\u00e9s de haber emprendido cada uno su propio camino.<\/p>\n<p>Los personajes de la anterior entrega han sufrido innumerables cambios f\u00edsicos y mentales, a consecuencia de los eventos que vivieron en el pasado. Por eso, el casting ha evolucionado conforme lo hicieron los protagonistas de la trama. As\u00ed el reparto ha reunido a un conjunto de actores y estrellas que han dominado la pantalla en el tercer milenio, como\u00a0<a href=\"https:\/\/www.filmaffinity.com\/ve\/search.php?stype=cast&amp;sn&amp;stext=Jessica%20Chastain\">Jessica Chastain<\/a>,\u00a0<a href=\"https:\/\/www.filmaffinity.com\/ve\/search.php?stype=cast&amp;sn&amp;stext=Bill%20Hader\">Bill Hader<\/a>\u00a0y\u00a0<a href=\"https:\/\/www.filmaffinity.com\/ve\/search.php?stype=cast&amp;sn&amp;stext=James%20McAvoy\">James McAvoy<\/a>, quienes encarnan a los amigos que se reintegran en el guion. Un alucinante e inquietante\u00a0<a href=\"https:\/\/www.filmaffinity.com\/ve\/search.php?stype=cast&amp;sn&amp;stext=Bill%20Skarsg%C3%A5rd\">Bill Skarsg\u00e5rd<\/a>\u00a0vuelve a representar el papel del villano de la franquicia, despu\u00e9s de que su caracterizaci\u00f3n fuese elogiada por la cr\u00edtica en pleno.<\/p>\n<p>El director argentino Andy Muschetti nos entrega un largometraje con una sofisticada y elaborada producci\u00f3n que sacudir\u00e1 a los fan\u00e1ticos en la butaca.<\/p>\n","protected":false},"excerpt":{"rendered":"<p>El pr\u00f3ximo viernes 6 de septiembre llega a las salas de Cines Unidos ubicadas en las principales ciudades del pa\u00eds \u201cIt: Cap\u00edtulo 2\u201d. Cines Unidos anuncia el estreno de \u201cIt: Cap\u00edtulo 2\u201d, la escalofriante segunda parte de la pel\u00edcula original basada en la famosa novela de Stephen King, el maestro del terror contempor\u00e1neo. El intimidante [&hellip;]<\/p>\n","protected":false},"author":2,"featured_media":6388,"comment_status":"closed","ping_status":"open","sticky":false,"template":"","format":"standard","meta":[],"categories":[4747,93,2],"tags":[7509,7507,7508,4770,7510,4966,7506],"wppr_data":[],"_links":{"self":[{"href":"https:\/\/www.notaoficial.com\/s\/wp-json\/wp\/v2\/posts\/6387"}],"collection":[{"href":"https:\/\/www.notaoficial.com\/s\/wp-json\/wp\/v2\/posts"}],"about":[{"href":"https:\/\/www.notaoficial.com\/s\/wp-json\/wp\/v2\/types\/post"}],"author":[{"embeddable":true,"href":"https:\/\/www.notaoficial.com\/s\/wp-json\/wp\/v2\/users\/2"}],"replies":[{"embeddable":true,"href":"https:\/\/www.notaoficial.com\/s\/wp-json\/wp\/v2\/comments?post=6387"}],"version-history":[{"count":1,"href":"https:\/\/www.notaoficial.com\/s\/wp-json\/wp\/v2\/posts\/6387\/revisions"}],"predecessor-version":[{"id":6389,"href":"https:\/\/www.notaoficial.com\/s\/wp-json\/wp\/v2\/posts\/6387\/revisions\/6389"}],"wp:featuredmedia":[{"embeddable":true,"href":"https:\/\/www.notaoficial.com\/s\/wp-json\/wp\/v2\/media\/6388"}],"wp:attachment":[{"href":"https:\/\/www.notaoficial.com\/s\/wp-json\/wp\/v2\/media?parent=6387"}],"wp:term":[{"taxonomy":"category","embeddable":true,"href":"https:\/\/www.notaoficial.com\/s\/wp-json\/wp\/v2\/categories?post=6387"},{"taxonomy":"post_tag","embeddable":true,"href":"https:\/\/www.notaoficial.com\/s\/wp-json\/wp\/v2\/tags?post=6387"}],"curies":[{"name":"wp","href":"https:\/\/api.w.org\/{rel}","templated":true}]}}