{"id":6405,"date":"2019-09-05T15:23:07","date_gmt":"2019-09-05T19:23:07","guid":{"rendered":"http:\/\/www.notaoficial.com\/s\/?p=6405"},"modified":"2019-09-05T08:25:45","modified_gmt":"2019-09-05T12:25:45","slug":"heroes-anonimos-protagonizan-muestra-individual-del-fotografo-venezolano-roberto-mata-en-miami","status":"publish","type":"post","link":"https:\/\/www.notaoficial.com\/s\/2019\/09\/05\/heroes-anonimos-protagonizan-muestra-individual-del-fotografo-venezolano-roberto-mata-en-miami\/","title":{"rendered":"H\u00e9roes an\u00f3nimos protagonizan muestra individual  del fot\u00f3grafo venezolano Roberto Mata en Miami"},"content":{"rendered":"<p>Con el t\u00edtulo <strong><em>Retratos Hablados: gente local<\/em><\/strong>, inaugurar\u00e1 su primera exposici\u00f3n individual en Miami el fot\u00f3grafo venezolano <strong>Roberto Mata<\/strong>, el jueves 05 de septiembre de 2019 a las 7:30 pm en los espacios de <strong>Imago art in action<\/strong>, en la ciudad de Coral Gables.<\/p>\n<p>Un total de 15 retratos fotogr\u00e1ficos conforman esta muestra que \u201crinde un peque\u00f1o gran homenaje a esos h\u00e9roes an\u00f3nimos que en alg\u00fan momento decidieron dejar sus tierras y lograron asimilarse a una nueva cultura\u201d, seg\u00fan afirma Pedro Medina Le\u00f3n en el texto curatorial.<\/p>\n<p>Personas de Argentina, Brasil, Colombia, Cuba, Espa\u00f1a, Francia, Guatemala, Haiti, India, M\u00e9xico, Palestina, Rep\u00fablica Dominicana, Venezuela y Vietnam, son protagonistas de <strong><em>Retratos Hablados: gente local<\/em><\/strong>, muestra con la cual Roberto Mata \u201cda el primer paso hacia una exploraci\u00f3n por el tejido social de Miami, y ofrece una panor\u00e1mica del Miami actual, muy vigente, ese que es un crisol de m\u00faltiples nacionalidades de todo el globo y que se encuentra en permanente b\u00fasqueda de una identidad propia que la defina como ciudad\u201d, tal y como escribe Pedro Medina Le\u00f3n.<\/p>\n<p>Roberto Mata (Valencia, 1967) inicia su carrera como fot\u00f3grafo profesional en los a\u00f1os ochenta en el peri\u00f3dico El Nacional, y en 1993 abre en Caracas una escuela de fotograf\u00eda que lleva su nombre, la cual ampl\u00eda con una sede en Miami a partir de 2016. A la par de la docencia, trabaja como fot\u00f3grafo corporativo y editorial en diversas revistas, y desarrolla un cuerpo de trabajo que le ha hecho merecedor de reconocimientos como el Segundo Premio de la Bienal Christian Dior (1995),\u00a0Premio Sebasti\u00e1n Garrido en la V Bienal de Artes Pl\u00e1sticas de Puerto la Cruz (2001),\u00a0Gran Premio 31\u00b0 Sal\u00f3n Nacional de Arte Aragua (2006) y Primer Lugar de la novena edici\u00f3n del Concurso Nacional de Periodismo de Investigaci\u00f3n del Instituto Prensa y Sociedad de Venezuela (Ipys Venezuela), por el trabajo especial multimedia publicado en Prodavinci.com,\u00a0<em>Vivir Sin agua<\/em> (2019). Asimismo, ha sido juez en diferentes cert\u00e1menes nacionales e internacionales como, LUCEO Student Project Award (EEUU, 2013) y Poster4Tomorrow (Francia, 2014).<\/p>\n<p>El trabajo de este reconocido fot\u00f3grafo venezolano ser\u00e1 exhibido en la exposici\u00f3n <strong><em>Retratos Hablados: gente local<\/em><\/strong>, que se estar\u00e1 presentando del 05 de septiembre al 01 de noviembre de 2019 en la sede de Imago, art in action, ubicada en 165 Majorca Avenue, Coral Gables, Florida, Estados Unidos; en horario de lunes a viernes de 10:30 am a 6 pm, y s\u00e1bados de 10 am a 1 pm. La entrada es libre.<\/p>\n","protected":false},"excerpt":{"rendered":"<p>Con el t\u00edtulo Retratos Hablados: gente local, inaugurar\u00e1 su primera exposici\u00f3n individual en Miami el fot\u00f3grafo venezolano Roberto Mata, el jueves 05 de septiembre de 2019 a las 7:30 pm en los espacios de Imago art in action, en la ciudad de Coral Gables. Un total de 15 retratos fotogr\u00e1ficos conforman esta muestra que \u201crinde [&hellip;]<\/p>\n","protected":false},"author":2,"featured_media":6406,"comment_status":"closed","ping_status":"open","sticky":false,"template":"","format":"standard","meta":[],"categories":[146],"tags":[253,247,249,7532,7531],"wppr_data":[],"_links":{"self":[{"href":"https:\/\/www.notaoficial.com\/s\/wp-json\/wp\/v2\/posts\/6405"}],"collection":[{"href":"https:\/\/www.notaoficial.com\/s\/wp-json\/wp\/v2\/posts"}],"about":[{"href":"https:\/\/www.notaoficial.com\/s\/wp-json\/wp\/v2\/types\/post"}],"author":[{"embeddable":true,"href":"https:\/\/www.notaoficial.com\/s\/wp-json\/wp\/v2\/users\/2"}],"replies":[{"embeddable":true,"href":"https:\/\/www.notaoficial.com\/s\/wp-json\/wp\/v2\/comments?post=6405"}],"version-history":[{"count":1,"href":"https:\/\/www.notaoficial.com\/s\/wp-json\/wp\/v2\/posts\/6405\/revisions"}],"predecessor-version":[{"id":6407,"href":"https:\/\/www.notaoficial.com\/s\/wp-json\/wp\/v2\/posts\/6405\/revisions\/6407"}],"wp:featuredmedia":[{"embeddable":true,"href":"https:\/\/www.notaoficial.com\/s\/wp-json\/wp\/v2\/media\/6406"}],"wp:attachment":[{"href":"https:\/\/www.notaoficial.com\/s\/wp-json\/wp\/v2\/media?parent=6405"}],"wp:term":[{"taxonomy":"category","embeddable":true,"href":"https:\/\/www.notaoficial.com\/s\/wp-json\/wp\/v2\/categories?post=6405"},{"taxonomy":"post_tag","embeddable":true,"href":"https:\/\/www.notaoficial.com\/s\/wp-json\/wp\/v2\/tags?post=6405"}],"curies":[{"name":"wp","href":"https:\/\/api.w.org\/{rel}","templated":true}]}}