{"id":6412,"date":"2019-09-06T12:57:51","date_gmt":"2019-09-06T16:57:51","guid":{"rendered":"http:\/\/www.notaoficial.com\/s\/?p=6412"},"modified":"2019-09-06T12:57:51","modified_gmt":"2019-09-06T16:57:51","slug":"nakor-presenta-el-malo-ft-jose-de-rico","status":"publish","type":"post","link":"https:\/\/www.notaoficial.com\/s\/2019\/09\/06\/nakor-presenta-el-malo-ft-jose-de-rico\/","title":{"rendered":"Nakor presenta \u00abEl Malo\u00bb Ft. Jos\u00e9 De Rico"},"content":{"rendered":"<p align=\"justify\"><strong>Nakor<\/strong>, un joven espa\u00f1ol que ha dejado su huella en cada escenario que ha pisado alrededor del mundo, presenta su m\u00e1s reciente sencillo titulado \u00abEl Malo\u00bb con la colaboraci\u00f3n de <strong>Jos\u00e9 De Rico<\/strong>.<\/p>\n<p align=\"justify\">La canci\u00f3n saldr\u00e1 este viernes 23 de agosto por todas las plataformas digitales, con la distribuci\u00f3n de On Top Records, empresa que apuesta por la carrera de este joven que se dio a conocer mundialmente.<\/p>\n<p align=\"justify\">\u00abMe gusta siempre hablar con lenguaje universal y siempre con ausencia de palabras obscenas\u00bb explica el artista que adem\u00e1s desarrolla desde hace unos a\u00f1os su carrera en la industria musical siempre en crecimiento, con una inyecci\u00f3n interesante de carisma, talento y positivismo que lo conecta con un buen segmento de la juventud, adoptando la m\u00fasica latina como suya, aunque es nacido y criado en tierras europeas.<\/p>\n<p align=\"justify\">Nakor tambi\u00e9n ha transformado a urbano lationo el sabor de la cumbia mexicana. Su primera cumbia \u201cInfiel\u201d con la colaboraci\u00f3n de <strong>Los Kiero<\/strong> de <strong>Edgar Zacary<\/strong> ha llegado a los corazones mexicanos con gran aceptaci\u00f3n por todo el territorio azteca.<\/p>\n<p align=\"justify\">Nakor lanz\u00f3 tambi\u00e9n \u00abEsa Carita\u00bb con la colaboraci\u00f3n <strong>Heyby Jim\u00e9nez<\/strong>, logrando tambi\u00e9n una amplia difusi\u00f3n en los playlist mexicanos, por lo que planea seguir lanzando otras en un futuro cercano.<\/p>\n<p align=\"justify\">Nakor tambi\u00e9n es conocido por su condici\u00f3n altruista, apoya much\u00edsimo las luchas pro la naturaleza, los animales, la salud y la ayuda humanitaria, esto lo deja ver abiertamente en sus redes sociales donde mantiene una constante actividad.<\/p>\n<p align=\"justify\"><strong>Conociendo m\u00e1s de Nakor:<\/strong><br \/>\n<strong>Nacor Prieto<\/strong>, mejor conocido como Nakor (nombre art\u00edstico), desde hace varios a\u00f1os desarrolla su carrera en la industria musical en constante ascenso, que le ha permitido compartir escenarios con <strong>Daddy Yankee, Farruko, Juan Magan,<\/strong> entre otros en Espa\u00f1a.<\/p>\n<p align=\"justify\">En los \u00faltimos a\u00f1os ha promocionado los sencillos \u201cEsa Carita\u201d, \u201cDesnudita\u201d, \u201cInfiel\u201d, \u201cMe llaman Loco\u201d que super\u00f3 el mill\u00f3n de reproducciones en su plataforma de Facebook y youtube.<\/p>\n<p align=\"justify\">Desde muy peque\u00f1o Nakor lleva la m\u00fasica en las venas, comenzando por el R&amp;B y aproxim\u00e1ndose luego al Hip Hop y al reggaet\u00f3n, creciendo en un suburbio de la Gran Canaria en Islas Canarias de Espa\u00f1a, su entorno lo obliga a aferrarse a la m\u00fasica, entender la vida escribiendo canciones y dando rienda suelta a su creatividad, dejando fluir sus situaciones familiares, que mejorar\u00edan considerablemente m\u00e1s adelante.<\/p>\n<p align=\"justify\"><strong>V\u00eddeos:<\/strong><br \/>\n<a href=\"https:\/\/sable.madmimi.com\/c\/28511?id=11247362.13027.1.1abc3db05241178f4e3334380a88eb7c\" target=\"_blank\" rel=\"noopener\" data-saferedirecturl=\"https:\/\/www.google.com\/url?q=https:\/\/sable.madmimi.com\/c\/28511?id%3D11247362.13027.1.1abc3db05241178f4e3334380a88eb7c&amp;source=gmail&amp;ust=1567875279719000&amp;usg=AFQjCNGp2B8uIhDn_RqqHL0yl6G-oi2B4w\">Esa Carita<\/a><br \/>\n<a href=\"https:\/\/sable.madmimi.com\/c\/28511?id=11247362.13028.1.5c008ea24f481f5efc2c36045d1b3b40\" target=\"_blank\" rel=\"noopener\" data-saferedirecturl=\"https:\/\/www.google.com\/url?q=https:\/\/sable.madmimi.com\/c\/28511?id%3D11247362.13028.1.5c008ea24f481f5efc2c36045d1b3b40&amp;source=gmail&amp;ust=1567875279719000&amp;usg=AFQjCNEQdGZxdltCs02Z5odoq5N7ICRJaw\">Infiel<\/a><br \/>\n<a href=\"https:\/\/sable.madmimi.com\/c\/28511?id=11247362.13029.1.16d3a98cf00608d6f2774d99bbbba193\" target=\"_blank\" rel=\"noopener\" data-saferedirecturl=\"https:\/\/www.google.com\/url?q=https:\/\/sable.madmimi.com\/c\/28511?id%3D11247362.13029.1.16d3a98cf00608d6f2774d99bbbba193&amp;source=gmail&amp;ust=1567875279719000&amp;usg=AFQjCNEvk4hAWHiNXv9IQkics4ftNnIVAg\">Desnudita<\/a><br \/>\n<a href=\"https:\/\/sable.madmimi.com\/c\/28511?id=11247362.13030.1.e148d8cc26aab5ae5cba6e8b7112acd3\" target=\"_blank\" rel=\"noopener\" data-saferedirecturl=\"https:\/\/www.google.com\/url?q=https:\/\/sable.madmimi.com\/c\/28511?id%3D11247362.13030.1.e148d8cc26aab5ae5cba6e8b7112acd3&amp;source=gmail&amp;ust=1567875279720000&amp;usg=AFQjCNG6e_mW2jKTVlnZldxrSu3-imJC-g\">Bandolera<\/a><\/p>\n<p>&nbsp;<\/p>\n","protected":false},"excerpt":{"rendered":"<p>Nakor, un joven espa\u00f1ol que ha dejado su huella en cada escenario que ha pisado alrededor del mundo, presenta su m\u00e1s reciente sencillo titulado \u00abEl Malo\u00bb con la colaboraci\u00f3n de Jos\u00e9 De Rico. La canci\u00f3n saldr\u00e1 este viernes 23 de agosto por todas las plataformas digitales, con la distribuci\u00f3n de On Top Records, empresa que [&hellip;]<\/p>\n","protected":false},"author":2,"featured_media":6413,"comment_status":"closed","ping_status":"open","sticky":false,"template":"","format":"standard","meta":[],"categories":[146],"tags":[1276,7536,1277,7537,1278,7535,1274],"wppr_data":[],"_links":{"self":[{"href":"https:\/\/www.notaoficial.com\/s\/wp-json\/wp\/v2\/posts\/6412"}],"collection":[{"href":"https:\/\/www.notaoficial.com\/s\/wp-json\/wp\/v2\/posts"}],"about":[{"href":"https:\/\/www.notaoficial.com\/s\/wp-json\/wp\/v2\/types\/post"}],"author":[{"embeddable":true,"href":"https:\/\/www.notaoficial.com\/s\/wp-json\/wp\/v2\/users\/2"}],"replies":[{"embeddable":true,"href":"https:\/\/www.notaoficial.com\/s\/wp-json\/wp\/v2\/comments?post=6412"}],"version-history":[{"count":1,"href":"https:\/\/www.notaoficial.com\/s\/wp-json\/wp\/v2\/posts\/6412\/revisions"}],"predecessor-version":[{"id":6414,"href":"https:\/\/www.notaoficial.com\/s\/wp-json\/wp\/v2\/posts\/6412\/revisions\/6414"}],"wp:featuredmedia":[{"embeddable":true,"href":"https:\/\/www.notaoficial.com\/s\/wp-json\/wp\/v2\/media\/6413"}],"wp:attachment":[{"href":"https:\/\/www.notaoficial.com\/s\/wp-json\/wp\/v2\/media?parent=6412"}],"wp:term":[{"taxonomy":"category","embeddable":true,"href":"https:\/\/www.notaoficial.com\/s\/wp-json\/wp\/v2\/categories?post=6412"},{"taxonomy":"post_tag","embeddable":true,"href":"https:\/\/www.notaoficial.com\/s\/wp-json\/wp\/v2\/tags?post=6412"}],"curies":[{"name":"wp","href":"https:\/\/api.w.org\/{rel}","templated":true}]}}