{"id":6415,"date":"2019-09-06T14:58:07","date_gmt":"2019-09-06T18:58:07","guid":{"rendered":"http:\/\/www.notaoficial.com\/s\/?p=6415"},"modified":"2019-09-06T12:59:27","modified_gmt":"2019-09-06T16:59:27","slug":"mirame-fusiona-el-pop-moderno","status":"publish","type":"post","link":"https:\/\/www.notaoficial.com\/s\/2019\/09\/06\/mirame-fusiona-el-pop-moderno\/","title":{"rendered":"\u00abM\u00edrame\u00bb fusiona el pop moderno"},"content":{"rendered":"<p align=\"justify\">\u00abM\u00edrame\u00bb es el resultado de varios a\u00f1os de experiencia del reconocido productor alem\u00e1n, <strong>Bekim!<\/strong>, quien eligi\u00f3 al cantante cubano <strong>Amilcar<\/strong> para presentar este sencillo que sale este viernes 23 en todas las plataformas digitales.<\/p>\n<p align=\"justify\">\u00abCuando compuse la m\u00fasica para el tema \u00abM\u00edrame\u00bb estaba buscando algo as\u00ed como un himno de verano en pop en espa\u00f1ol. Amilcar logr\u00f3 el toque perfecto para esta canci\u00f3n. Es un cantante experimentado que tiene la voz que pens\u00e9 cuando ten\u00eda esta canci\u00f3n en mente\u00bb explica Bekim!.<\/p>\n<p align=\"justify\">El productor define este tema como una fusi\u00f3n de diferentes estilos musicales como pop estadounidense, pop europeo y R&amp;B, combinados con la voz de Amilcar en espa\u00f1ol.<\/p>\n<p align=\"justify\">Bekim! se define como un productor que le encanta hacer ritmos bailables con melod\u00edas pegadizas y modernas, pero atemporales.<\/p>\n<p align=\"justify\">Ha estado haciendo y produciendo m\u00fasica desde 1989 para muchos proyectos diferentes en Alemania. Comenz\u00f3 con g\u00e9neros como Pop y Euro y luego Hip Hop, R&amp;B y EDM. Ahora su estilo es una especie de todos estos estilos mezclados: Pop-Dance-R&amp;B.<\/p>\n<p align=\"justify\">En este 2019, fund\u00f3 su propio sello discogr\u00e1fico \u00abChicagoboy\u00bb, donde lanz\u00f3 los proyectos de R &amp; B \/ Pop de \u00abBekim\u00bb con cantantes de todo el mundo.<\/p>\n<p align=\"justify\">Por su parte, Amilcar, experimentado int\u00e9rprete cubano, reconocido por su participaci\u00f3n con <strong>Warapo<\/strong> y <strong>Habana Blues<\/strong>, acept\u00f3 el reto de interpretar y escribir este tema junto Bekim! quien lo llevar\u00e1 por diferentes mercados.<\/p>\n<p>&nbsp;<\/p>\n","protected":false},"excerpt":{"rendered":"<p>\u00abM\u00edrame\u00bb es el resultado de varios a\u00f1os de experiencia del reconocido productor alem\u00e1n, Bekim!, quien eligi\u00f3 al cantante cubano Amilcar para presentar este sencillo que sale este viernes 23 en todas las plataformas digitales. \u00abCuando compuse la m\u00fasica para el tema \u00abM\u00edrame\u00bb estaba buscando algo as\u00ed como un himno de verano en pop en espa\u00f1ol. [&hellip;]<\/p>\n","protected":false},"author":2,"featured_media":6416,"comment_status":"closed","ping_status":"open","sticky":false,"template":"","format":"standard","meta":[],"categories":[146],"tags":[6857,7540,7539,7538],"wppr_data":[],"_links":{"self":[{"href":"https:\/\/www.notaoficial.com\/s\/wp-json\/wp\/v2\/posts\/6415"}],"collection":[{"href":"https:\/\/www.notaoficial.com\/s\/wp-json\/wp\/v2\/posts"}],"about":[{"href":"https:\/\/www.notaoficial.com\/s\/wp-json\/wp\/v2\/types\/post"}],"author":[{"embeddable":true,"href":"https:\/\/www.notaoficial.com\/s\/wp-json\/wp\/v2\/users\/2"}],"replies":[{"embeddable":true,"href":"https:\/\/www.notaoficial.com\/s\/wp-json\/wp\/v2\/comments?post=6415"}],"version-history":[{"count":1,"href":"https:\/\/www.notaoficial.com\/s\/wp-json\/wp\/v2\/posts\/6415\/revisions"}],"predecessor-version":[{"id":6417,"href":"https:\/\/www.notaoficial.com\/s\/wp-json\/wp\/v2\/posts\/6415\/revisions\/6417"}],"wp:featuredmedia":[{"embeddable":true,"href":"https:\/\/www.notaoficial.com\/s\/wp-json\/wp\/v2\/media\/6416"}],"wp:attachment":[{"href":"https:\/\/www.notaoficial.com\/s\/wp-json\/wp\/v2\/media?parent=6415"}],"wp:term":[{"taxonomy":"category","embeddable":true,"href":"https:\/\/www.notaoficial.com\/s\/wp-json\/wp\/v2\/categories?post=6415"},{"taxonomy":"post_tag","embeddable":true,"href":"https:\/\/www.notaoficial.com\/s\/wp-json\/wp\/v2\/tags?post=6415"}],"curies":[{"name":"wp","href":"https:\/\/api.w.org\/{rel}","templated":true}]}}