{"id":6427,"date":"2019-09-08T09:19:36","date_gmt":"2019-09-08T13:19:36","guid":{"rendered":"http:\/\/www.notaoficial.com\/s\/?p=6427"},"modified":"2019-09-08T09:19:36","modified_gmt":"2019-09-08T13:19:36","slug":"francisco-vasquez-de-estreno-con-no-puedo-negar","status":"publish","type":"post","link":"https:\/\/www.notaoficial.com\/s\/2019\/09\/08\/francisco-vasquez-de-estreno-con-no-puedo-negar\/","title":{"rendered":"Francisco V\u00e1squez de estreno con \u00abNo Puedo Negar\u00bb"},"content":{"rendered":"<p align=\"justify\"><strong>El comunicador, actor y cantante dominicano, <\/strong>Francisco V\u00e1squez, acaba de lanzar su segundo v\u00eddeo musical titulado \u00ab<a href=\"https:\/\/sable.madmimi.com\/c\/28511?id=11317335.13100.1.131da251e6801e238961b99ee44e3e9a\" target=\"_blank\" rel=\"noopener\" data-saferedirecturl=\"https:\/\/www.google.com\/url?q=https:\/\/sable.madmimi.com\/c\/28511?id%3D11317335.13100.1.131da251e6801e238961b99ee44e3e9a&amp;source=gmail&amp;ust=1568034978088000&amp;usg=AFQjCNECmJITnqRqy44j3YxoXNRz9Vm68A\">No Puedo Negar<\/a>\u00bb con el que pretende seguir ganando terreno en esta nueva faceta.<\/p>\n<p align=\"justify\">El v\u00eddeo musical, bajo la direcci\u00f3n y producci\u00f3n del destacado <strong>Luis G\u00f3mez<\/strong>, fue filmado en el \u00edcono de Santiago de los Caballeros, el Monumento a los H\u00e9roes de la Restauraci\u00f3n, adem\u00e1s cont\u00f3 con escenas en el Gran Teatro del Cibao de la misma ciudad.<\/p>\n<div class=\"m_3510840999348272839module m_3510840999348272839text\" dir=\"ltr\">\n<p align=\"justify\">Este tema, autor\u00eda de <strong>Ander de Frank<\/strong> junto al propio Francisco, cont\u00f3 con los arreglos del maestro <strong>Patricio Bonilla<\/strong>, y para el v\u00eddeo cont\u00f3 con la actuaci\u00f3n de la joven <strong>Laura Cabrera Guzm\u00e1n<\/strong>, adem\u00e1s de la direcci\u00f3n de imagen y vestuario de <strong>Miguel Est\u00e9vez<\/strong> y la asistencia de producci\u00f3n de <strong>Mayerling Fern\u00e1ndez<\/strong>.<\/p>\n<p><span class=\"m_3510840999348272839module-8 m_3510840999348272839text-container\">Francisco V\u00e1squez es presentador, actor y cantante quien empez\u00f3 en los medios de entretenimiento en el 1999 pasando por diferentes proyectos. Actualmente produce sus espacios de Radio y TV, los cuales est\u00e1n entre los de mejor producci\u00f3n en la RD. \u00abMuy Diferente Radio\u00bb y \u00abFrancisco Muy Diferente\u00bb TV.<\/span><\/div>\n","protected":false},"excerpt":{"rendered":"<p>El comunicador, actor y cantante dominicano, Francisco V\u00e1squez, acaba de lanzar su segundo v\u00eddeo musical titulado \u00abNo Puedo Negar\u00bb con el que pretende seguir ganando terreno en esta nueva faceta. El v\u00eddeo musical, bajo la direcci\u00f3n y producci\u00f3n del destacado Luis G\u00f3mez, fue filmado en el \u00edcono de Santiago de los Caballeros, el Monumento a [&hellip;]<\/p>\n","protected":false},"author":2,"featured_media":6428,"comment_status":"closed","ping_status":"open","sticky":false,"template":"","format":"standard","meta":[],"categories":[146],"tags":[7546,2215,5711,5710,5708],"wppr_data":[],"_links":{"self":[{"href":"https:\/\/www.notaoficial.com\/s\/wp-json\/wp\/v2\/posts\/6427"}],"collection":[{"href":"https:\/\/www.notaoficial.com\/s\/wp-json\/wp\/v2\/posts"}],"about":[{"href":"https:\/\/www.notaoficial.com\/s\/wp-json\/wp\/v2\/types\/post"}],"author":[{"embeddable":true,"href":"https:\/\/www.notaoficial.com\/s\/wp-json\/wp\/v2\/users\/2"}],"replies":[{"embeddable":true,"href":"https:\/\/www.notaoficial.com\/s\/wp-json\/wp\/v2\/comments?post=6427"}],"version-history":[{"count":1,"href":"https:\/\/www.notaoficial.com\/s\/wp-json\/wp\/v2\/posts\/6427\/revisions"}],"predecessor-version":[{"id":6429,"href":"https:\/\/www.notaoficial.com\/s\/wp-json\/wp\/v2\/posts\/6427\/revisions\/6429"}],"wp:featuredmedia":[{"embeddable":true,"href":"https:\/\/www.notaoficial.com\/s\/wp-json\/wp\/v2\/media\/6428"}],"wp:attachment":[{"href":"https:\/\/www.notaoficial.com\/s\/wp-json\/wp\/v2\/media?parent=6427"}],"wp:term":[{"taxonomy":"category","embeddable":true,"href":"https:\/\/www.notaoficial.com\/s\/wp-json\/wp\/v2\/categories?post=6427"},{"taxonomy":"post_tag","embeddable":true,"href":"https:\/\/www.notaoficial.com\/s\/wp-json\/wp\/v2\/tags?post=6427"}],"curies":[{"name":"wp","href":"https:\/\/api.w.org\/{rel}","templated":true}]}}