{"id":6433,"date":"2019-09-08T13:30:42","date_gmt":"2019-09-08T17:30:42","guid":{"rendered":"http:\/\/www.notaoficial.com\/s\/?p=6433"},"modified":"2019-09-08T09:33:21","modified_gmt":"2019-09-08T13:33:21","slug":"vocal-song-se-abre-paso-en-colombia","status":"publish","type":"post","link":"https:\/\/www.notaoficial.com\/s\/2019\/09\/08\/vocal-song-se-abre-paso-en-colombia\/","title":{"rendered":"Vocal Song se abre paso en Colombia"},"content":{"rendered":"<p align=\"justify\">El grupo vocal m\u00e1s importante de Venezuela, <strong>Vocal Song<\/strong>, se abre paso en Medell\u00edn, Colombia, donde se han radicado para abrirse paso en su propuesta de excelencia musical.<\/p>\n<p align=\"justify\">En su corta estancia en tierras de Antioquia, Vocal Song ha participado en varios eventos dentro de Medellin, adem\u00e1s han desarrollado una extensa gira promocional por la radio, televisoras y peri\u00f3dicos de la ciudad.<\/p>\n<div class=\"m_-6463637809218854176module m_-6463637809218854176text\" dir=\"ltr\">\n<p align=\"justify\">Recientemente se dio a conocer la visita que le hicieron a la residencia del cantante <strong>Felipe Pel\u00e1ez<\/strong>, donde aprovecharon la ocasi\u00f3n para cantar el tema \u00ab<a href=\"https:\/\/sable.madmimi.com\/c\/28511?id=11341055.13121.1.1905fa8705bc42e4d996476b992dcfa5\" target=\"_blank\" rel=\"noopener\" data-saferedirecturl=\"https:\/\/www.google.com\/url?q=https:\/\/sable.madmimi.com\/c\/28511?id%3D11341055.13121.1.1905fa8705bc42e4d996476b992dcfa5&amp;source=gmail&amp;ust=1568034978027000&amp;usg=AFQjCNGjEBVzbSx9cOP2j4-smyzSVeiTMw\">Dulce Pecado<\/a>\u00bb del cantante Ranchero Popular, Jessi Uribe, quienes lo publicaron en sus respectivas redes, destacando el talento de este grupo.<\/p>\n<p align=\"justify\">El grupo est\u00e1 trabajando en un nuevo \u00e1lbum que ser\u00e1 en homenaje a Colombia, especialmente al eje cafetero con canciones populares, vallenatos y m\u00fasica tropical.<\/p>\n<\/div>\n","protected":false},"excerpt":{"rendered":"<p>El grupo vocal m\u00e1s importante de Venezuela, Vocal Song, se abre paso en Medell\u00edn, Colombia, donde se han radicado para abrirse paso en su propuesta de excelencia musical. En su corta estancia en tierras de Antioquia, Vocal Song ha participado en varios eventos dentro de Medellin, adem\u00e1s han desarrollado una extensa gira promocional por la [&hellip;]<\/p>\n","protected":false},"author":2,"featured_media":6435,"comment_status":"closed","ping_status":"open","sticky":false,"template":"","format":"standard","meta":[],"categories":[146],"tags":[7550,7549],"wppr_data":[],"_links":{"self":[{"href":"https:\/\/www.notaoficial.com\/s\/wp-json\/wp\/v2\/posts\/6433"}],"collection":[{"href":"https:\/\/www.notaoficial.com\/s\/wp-json\/wp\/v2\/posts"}],"about":[{"href":"https:\/\/www.notaoficial.com\/s\/wp-json\/wp\/v2\/types\/post"}],"author":[{"embeddable":true,"href":"https:\/\/www.notaoficial.com\/s\/wp-json\/wp\/v2\/users\/2"}],"replies":[{"embeddable":true,"href":"https:\/\/www.notaoficial.com\/s\/wp-json\/wp\/v2\/comments?post=6433"}],"version-history":[{"count":1,"href":"https:\/\/www.notaoficial.com\/s\/wp-json\/wp\/v2\/posts\/6433\/revisions"}],"predecessor-version":[{"id":6436,"href":"https:\/\/www.notaoficial.com\/s\/wp-json\/wp\/v2\/posts\/6433\/revisions\/6436"}],"wp:featuredmedia":[{"embeddable":true,"href":"https:\/\/www.notaoficial.com\/s\/wp-json\/wp\/v2\/media\/6435"}],"wp:attachment":[{"href":"https:\/\/www.notaoficial.com\/s\/wp-json\/wp\/v2\/media?parent=6433"}],"wp:term":[{"taxonomy":"category","embeddable":true,"href":"https:\/\/www.notaoficial.com\/s\/wp-json\/wp\/v2\/categories?post=6433"},{"taxonomy":"post_tag","embeddable":true,"href":"https:\/\/www.notaoficial.com\/s\/wp-json\/wp\/v2\/tags?post=6433"}],"curies":[{"name":"wp","href":"https:\/\/api.w.org\/{rel}","templated":true}]}}