{"id":6480,"date":"2019-09-13T20:15:24","date_gmt":"2019-09-14T00:15:24","guid":{"rendered":"http:\/\/www.notaoficial.com\/s\/?p=6480"},"modified":"2019-09-13T08:17:32","modified_gmt":"2019-09-13T12:17:32","slug":"hoy-mismo-podreis-ver-en-directo-a-the-black-neons-en-las-fiestas-de-parla","status":"publish","type":"post","link":"https:\/\/www.notaoficial.com\/s\/2019\/09\/13\/hoy-mismo-podreis-ver-en-directo-a-the-black-neons-en-las-fiestas-de-parla\/","title":{"rendered":"Hoy mismo podr\u00e9is ver en directo a The Black Neons en las fiestas de Parla"},"content":{"rendered":"<p><strong>Martes 10 de octubre<br \/>\n23:00 horas<br \/>\nAvd de las Galaxias. Parla (Madrid)<br \/>\nEntrada libre<\/strong><\/p>\n<div><a href=\"http:\/\/www.theblackneons.com\" target=\"_blank\" rel=\"noopener\" data-saferedirecturl=\"https:\/\/www.google.com\/url?q=http:\/\/www.theblackneons.com&amp;source=gmail&amp;ust=1568462783043000&amp;usg=AFQjCNEwcJ0H17DyQ9WEjrktymMhuU0Hzw\">THE BLACK NEONS<\/a> es un grupo musical con base en Madrid, en el que crean una amalgama sonora con influencias muy marcadas del rock y pop anglosaj\u00f3n. Veteranos del mundo de la m\u00fasica, aunque como banda sean unos reci\u00e9n llegados, y con ra\u00edces tanto de nuestro pa\u00eds como latinas (de Venezuela para ser exactos), pero con un gusto musical muy brit\u00e1nico. Esto hace que la banda tenga un estilo propio y consiga un punto particular y estil\u00edstico muy especial.<\/div>\n<div>\nTBN presentan una propuesta musical distinta, con matices rock, indie e incluso de hard rock, defini\u00e9ndose por sonidos crudos de guitarras, una base r\u00edtmica contundente y melod\u00edas pegadizas, ingredientes perfectos que nos presentan en este nuevo proyecto. Provenientes de formaciones previas tan reputadas (en el circuito underground) como JACK N\u00b4LIES y AEROPLASTICA, ya como BLACK NEONS han conseguido una propuesta diferente y un rollo muy atractivo con referentes desde MUSE, FRANZ FERDINAND, THE KILLERS, THE HIVES, STROKES o MOBY, hasta propuestas m\u00e1s cl\u00e1sicas y rockeras como PEARL JAM, SOUNDGARDEN, STONES, AC\/DC o GN\u00b4R.<\/div>\n<div>\nTHE BLACK NEONS, nos traen un 2019 cargado de lanzamientos y presentaciones, comenzando con el primer single (\u201cDon\u00b4t Run\u201d \u2013 A New Label Records \u2013 Abril 2019), un abreboca de su propuesta musical, un himno nost\u00e1lgico a la fiesta, a la noche y al narcicismo nocturno, as\u00ed como presentaciones en directo por toda la geograf\u00eda Espa\u00f1ola con fechas confirmadas en ciudades como: Madrid, Gand\u00eda, Pedreguer, Salamanca, y otros. Y m\u00e1s cosas que iremos comentando poco a poco&#8230; \u00bfpodremos esperar a saber y escuchar m\u00e1s de ellos?<\/div>\n<div>\nEscucha su \u00faltimo single \u00abRescue Me\u00bb<\/div>\n","protected":false},"excerpt":{"rendered":"<p>Martes 10 de octubre 23:00 horas Avd de las Galaxias. Parla (Madrid) Entrada libre THE BLACK NEONS es un grupo musical con base en Madrid, en el que crean una amalgama sonora con influencias muy marcadas del rock y pop anglosaj\u00f3n. Veteranos del mundo de la m\u00fasica, aunque como banda sean unos reci\u00e9n llegados, y [&hellip;]<\/p>\n","protected":false},"author":2,"featured_media":6481,"comment_status":"closed","ping_status":"open","sticky":false,"template":"","format":"standard","meta":[],"categories":[146],"tags":[6154],"wppr_data":[],"_links":{"self":[{"href":"https:\/\/www.notaoficial.com\/s\/wp-json\/wp\/v2\/posts\/6480"}],"collection":[{"href":"https:\/\/www.notaoficial.com\/s\/wp-json\/wp\/v2\/posts"}],"about":[{"href":"https:\/\/www.notaoficial.com\/s\/wp-json\/wp\/v2\/types\/post"}],"author":[{"embeddable":true,"href":"https:\/\/www.notaoficial.com\/s\/wp-json\/wp\/v2\/users\/2"}],"replies":[{"embeddable":true,"href":"https:\/\/www.notaoficial.com\/s\/wp-json\/wp\/v2\/comments?post=6480"}],"version-history":[{"count":1,"href":"https:\/\/www.notaoficial.com\/s\/wp-json\/wp\/v2\/posts\/6480\/revisions"}],"predecessor-version":[{"id":6482,"href":"https:\/\/www.notaoficial.com\/s\/wp-json\/wp\/v2\/posts\/6480\/revisions\/6482"}],"wp:featuredmedia":[{"embeddable":true,"href":"https:\/\/www.notaoficial.com\/s\/wp-json\/wp\/v2\/media\/6481"}],"wp:attachment":[{"href":"https:\/\/www.notaoficial.com\/s\/wp-json\/wp\/v2\/media?parent=6480"}],"wp:term":[{"taxonomy":"category","embeddable":true,"href":"https:\/\/www.notaoficial.com\/s\/wp-json\/wp\/v2\/categories?post=6480"},{"taxonomy":"post_tag","embeddable":true,"href":"https:\/\/www.notaoficial.com\/s\/wp-json\/wp\/v2\/tags?post=6480"}],"curies":[{"name":"wp","href":"https:\/\/api.w.org\/{rel}","templated":true}]}}