{"id":6523,"date":"2019-09-20T03:57:38","date_gmt":"2019-09-20T07:57:38","guid":{"rendered":"http:\/\/www.notaoficial.com\/s\/?p=6523"},"modified":"2019-09-20T00:59:14","modified_gmt":"2019-09-20T04:59:14","slug":"6000-personas-disfrutan-del-arranque-de-gira-de-el-kanka","status":"publish","type":"post","link":"https:\/\/www.notaoficial.com\/s\/2019\/09\/20\/6000-personas-disfrutan-del-arranque-de-gira-de-el-kanka\/","title":{"rendered":"6000 personas disfrutan del arranque de gira de El Kanka"},"content":{"rendered":"<p>El pasado viernes <strong>El Kanka<\/strong> volv\u00eda a subirse a un escenario, esta vez para inaugurar su gira<strong> <em>Donde cabe dos caben tres<\/em><\/strong>. El lugar elegido, el CAAC de <strong>Sevilla<\/strong> con capacidad para 3000 personas. Un espacio que no resultaba ajeno al malague\u00f1o, ya que\u00a0hab\u00eda actuado all\u00ed en otra ocasi\u00f3n, aunque\u00a0nunca con todo el aforo vendido. Y es que desde que salieron a la venta las entradas para ese tour con el que<strong>\u00a0El Kanka visitar\u00e1 los recintos m\u00e1s grandes de diecis\u00e9is capitales espa\u00f1olas<\/strong>, <strong>Sevilla agot\u00f3 con las entradas del s\u00e1bado 14<\/strong> de septiembre en tiempo r\u00e9cord obligando al artista a programar una segunda fecha en la capital andaluza para el <strong>viernes 13 de la que tampoco\u00a0qued\u00f3 ni una entrada por vender<\/strong>. En total, <strong>6000 personas<\/strong> pudieron ser testigos del arranque de <strong>la gira\u00a0m\u00e1s ambiciosa de El Kanka<\/strong>.<\/p>\n<p>El esperado debut pudo verse enturbiado por las lluvias ca\u00eddas en Sevilla durante el fin de semana, pero <strong>gracias al empe\u00f1o de los fans, del equipo t\u00e9cnico de El Kanka y del propio artista<\/strong>, tanto el viernes como el s\u00e1bado se pudo disfrutar a la perfecci\u00f3n de este <strong>nuevo show que El Kanka lleva preparando un a\u00f1o entero <\/strong>y que, por <strong>primera vez, lleva escenograf\u00eda y dise\u00f1o de luces<\/strong>\u00a0ideadas\u00a0para la ocasi\u00f3n.<\/p>\n<p>Con<strong>\u00a0<\/strong><em><strong>Donde caben dos caben tres,<\/strong>\u00a0<\/em>El Kanka quiere reunir bajo un mismo techo <strong>al m\u00e1ximo n\u00famero de seguidores de cada ciudad <\/strong>y poder devolverles as\u00ed el cari\u00f1o mostrado en todos sus a\u00f1os de carrera y la confianza depositada en \u00e9l desde que empez\u00f3 tocando en locales de 50 personas hasta d\u00eda de hoy, donde pondr\u00e1 el <strong>broche final a esta gira en el Wizink Center de Madrid con capacidad para 15.000 <\/strong>personas, algo pr\u00e1cticamente impensable para un cantautor.<\/p>\n<p><strong>Valencia, Murcia, Zaragoza, M\u00e1laga, A Coru\u00f1a, Bilbao, Pamplona, Gij\u00f3n, Barcelona, Santander, Valladolid, Granada, Ja\u00e9n, C\u00e1diz<\/strong> (doble fecha, una ya agotada),\u00a0<strong>C\u00e1ceres y Madrid<\/strong> son las pr\u00f3ximas paradas de <strong><em>Donde caben dos caben tres<\/em><\/strong>. Todas las entradas se pueden conseguir en la web <a href=\"http:\/\/granconvoy.trckacbm.com\/url\/ver\/40841939\/\/804760\/oBI395bdGZbxPjB4LzjEkPKFw\" target=\"_blank\" rel=\"noopener\" data-saferedirecturl=\"https:\/\/www.google.com\/url?q=http:\/\/granconvoy.trckacbm.com\/url\/ver\/40841939\/\/804760\/oBI395bdGZbxPjB4LzjEkPKFw&amp;source=gmail&amp;ust=1569041637037000&amp;usg=AFQjCNE8dqapBm3xNWKITb3hYlycPLD-ew\">www.elkanka.es<\/a>.<\/p>\n<p>En esta aventura acompa\u00f1an\u00a0a El Kanka sobre en escenario\u00a0<strong>\u00c1lvaro Ruiz<\/strong> (guitarra), <strong>Juan Rubio<\/strong> (percusi\u00f3n), <strong>Pedro Campos<\/strong> (bajo), <strong>Jos\u00e9 Benitez <\/strong>(bater\u00eda) y <em>Carlos Manzanares<\/em> (vientos, acorde\u00f3n, teclado y productor de los dos \u00faltimos trabajos de El Kanka) y juntos repasan las canciones m\u00e1s importantes de la discograf\u00eda del artista:\u00a0<strong><em>Lo\u00a0mal que estoy y lo poco que me quejo\u00a0<\/em><\/strong>(2013),\u00a0<strong><em>El d\u00eda de suerte de Juan G\u00f3mez<\/em><\/strong>\u00a0(2014),\u00a0<strong><em>De Pana Y Rub\u00ed<\/em><\/strong>\u00a0(2015), <em><strong>El arte de saltar <\/strong><\/em>(2018) y el EP<strong>\u00a0<\/strong><em><strong>CanEp\u00e9<\/strong><\/em>\u00a0(2019).<\/p>\n","protected":false},"excerpt":{"rendered":"<p>El pasado viernes El Kanka volv\u00eda a subirse a un escenario, esta vez para inaugurar su gira Donde cabe dos caben tres. El lugar elegido, el CAAC de Sevilla con capacidad para 3000 personas. Un espacio que no resultaba ajeno al malague\u00f1o, ya que\u00a0hab\u00eda actuado all\u00ed en otra ocasi\u00f3n, aunque\u00a0nunca con todo el aforo vendido. [&hellip;]<\/p>\n","protected":false},"author":2,"featured_media":6524,"comment_status":"closed","ping_status":"open","sticky":false,"template":"","format":"standard","meta":[],"categories":[146],"tags":[7602,4054,7605,7603,7604],"wppr_data":[],"_links":{"self":[{"href":"https:\/\/www.notaoficial.com\/s\/wp-json\/wp\/v2\/posts\/6523"}],"collection":[{"href":"https:\/\/www.notaoficial.com\/s\/wp-json\/wp\/v2\/posts"}],"about":[{"href":"https:\/\/www.notaoficial.com\/s\/wp-json\/wp\/v2\/types\/post"}],"author":[{"embeddable":true,"href":"https:\/\/www.notaoficial.com\/s\/wp-json\/wp\/v2\/users\/2"}],"replies":[{"embeddable":true,"href":"https:\/\/www.notaoficial.com\/s\/wp-json\/wp\/v2\/comments?post=6523"}],"version-history":[{"count":1,"href":"https:\/\/www.notaoficial.com\/s\/wp-json\/wp\/v2\/posts\/6523\/revisions"}],"predecessor-version":[{"id":6526,"href":"https:\/\/www.notaoficial.com\/s\/wp-json\/wp\/v2\/posts\/6523\/revisions\/6526"}],"wp:featuredmedia":[{"embeddable":true,"href":"https:\/\/www.notaoficial.com\/s\/wp-json\/wp\/v2\/media\/6524"}],"wp:attachment":[{"href":"https:\/\/www.notaoficial.com\/s\/wp-json\/wp\/v2\/media?parent=6523"}],"wp:term":[{"taxonomy":"category","embeddable":true,"href":"https:\/\/www.notaoficial.com\/s\/wp-json\/wp\/v2\/categories?post=6523"},{"taxonomy":"post_tag","embeddable":true,"href":"https:\/\/www.notaoficial.com\/s\/wp-json\/wp\/v2\/tags?post=6523"}],"curies":[{"name":"wp","href":"https:\/\/api.w.org\/{rel}","templated":true}]}}