{"id":6539,"date":"2019-09-21T03:17:41","date_gmt":"2019-09-21T07:17:41","guid":{"rendered":"http:\/\/www.notaoficial.com\/s\/?p=6539"},"modified":"2019-09-21T01:19:25","modified_gmt":"2019-09-21T05:19:25","slug":"galeria-venezolana-abra-presente-en-artbo-2019-con-obras-de-tres-artistas-en-la-seccion-principal","status":"publish","type":"post","link":"https:\/\/www.notaoficial.com\/s\/2019\/09\/21\/galeria-venezolana-abra-presente-en-artbo-2019-con-obras-de-tres-artistas-en-la-seccion-principal\/","title":{"rendered":"Galer\u00eda venezolana ABRA presente en ARTBO 2019  con obras de tres artistas en la Secci\u00f3n Principal"},"content":{"rendered":"<p>La galer\u00eda venezolana de arte contempor\u00e1neo <strong>ABRA<\/strong>, participar\u00e1 por tercer a\u00f1o consecutivo en la <strong>Feria Internacional de Arte de Bogot\u00e1 (ARTBO)<\/strong>, que tendr\u00e1 lugar entre el 19 y el 22 de septiembre de 2019, en el recinto ferial Corferias en la ciudad de Bogot\u00e1, Colombia.<\/p>\n<p>Durante cuatro d\u00edas galer\u00edas, curadores, artistas y p\u00fablico general se dar\u00e1n cita en esta edici\u00f3n n\u00famero 15 de la feria, en la que ABRA mostrar\u00e1 por primera vez en la secci\u00f3n Principal (stand A57) el trabajo de los artistas Valerie Brathwaite, Oscar Abraham Pab\u00f3n y Luc\u00eda Pizzani, con una selecci\u00f3n de obras caracterizada por la diversidad de medios y materiales, entre los que se incluyen fotograf\u00eda, cer\u00e1mica, grabado, dibujo, escultura y collage.<\/p>\n<p>Brathwaite, Pab\u00f3n y Pizzani son tres creadores contempor\u00e1neos pertenecientes a dos generaciones que, aunque trabajan en diferentes medios cada uno, los unen estrategias de creaci\u00f3n vinculadas a procesos artesanales, las cuales activan nociones desde la perspectiva del cuerpo, el espacio que este ocupa, la arquitectura y el feminismo.<\/p>\n<p><strong>Valerie Brathwaite<\/strong> (San Fernando, Trinidad, 1940) reside desde 1969 en Venezuela, donde ha desarrollado una amplia carrera art\u00edsitica de m\u00e1s de cuatro d\u00e9cadas como escultora, dibujante y grabadora. Con estudios en el Hornsey College of Arts and Crafts de Londres, en la Escuela Superior de Bellas Artes en Par\u00eds, en el taller de Ossip Zadkine, en el Royal College of Art de Londres, en el Centro de Arte Gr\u00e1fico del Inciba en Caracas y en la Academia Real de Estocolmo, Brathwaite ha exhibido su trabajo en numerosas colectivas, as\u00ed como en m\u00e1s de 20 individuales en diversos espacios de Caracas, entre los cuales se incluyen el Museo de Bellas Artes (1975); Museo de Arte Contempor\u00e1neo de Caracas (1977); Sala Mendoza (1982, 1995 y 2000); Sala de Exposiciones RG (1989); Museo Alejandro Otero (1997); galer\u00eda Oficina #1 (2014); galer\u00eda ABRA (2018); El anexo, arte contempor\u00e1neo (2018), entre otros.<\/p>\n<p>El arquitecto y artista visual <strong>Oscar Abraham Pab\u00f3n<\/strong> (T\u00e1chira, 1984) posee una trayectoria de m\u00e1s de una d\u00e9cada, durante la cual ha mostrado su obra en exposiciones colectivas e individuales, salones y ferias de arte, en Venezuela, Estados Unidos, Espa\u00f1a, Chile y Colombia, entre otros pa\u00edses. Ha recibido diferentes reconocimientos nacionales e internacionales como el Tercer Premio del Sal\u00f3n Supercable de J\u00f3venes con FIA (2010); Premio de Escultura, Concurso Internacional, Alameda Sol de Oriente, Cal\u00ed, Colombia (2008); Menci\u00f3n de Honor en el VII Sal\u00f3n Nacional de Fotograf\u00eda Seguros Catatumbo, Edo. Zulia (2007); Menci\u00f3n de Honor, Circuito regional de pintura de arte contempor\u00e1neo, Edo. T\u00e1chira (2004); y Premio de Fotograf\u00eda, Exposici\u00f3n Binacional de Artes Visuales CONFANORTE, Pamplona, Colombia (2007), entre otros. Su obra forma parte de colecciones como la del P\u00e9rez Art Museum Miami; Cees e Inge de Bruin-Heijn, Amsterdam; Patricia Phelps, la fundaci\u00f3n Cisneros CPPC, Nueva York; Colecci\u00f3n C y FE, Caracas; entre otras.<\/p>\n<p><strong>Luc\u00eda Pizzani<\/strong> (Caracas, 1975) ha exhibido su trabajo de manera colectiva e individual en salas, galer\u00edas y museos de Venezuela, M\u00e9xico, Inglaterra, Espa\u00f1a, Chile, Alemania, Estados Unidos, entre otros pa\u00edses; y ha sido distinguida con reconocimientos como: Hotshoe Photofusion Award. Salon\/14 Photofusion, Londres, Reino Unido (2014); Menci\u00f3n Honor\u00edfica en \u201cRegion 0\u201d Video Art Festival, KJCC-NYU, Nueva York, Estados Unidos (2013); Premio de la Artista Emergente otorgado por AICA-Venezuela Asociaci\u00f3n Internacional de Cr\u00edticos de Arte, Cap\u00edtulo Venezuela, Caracas (2013); XII Premio Eugenio Mendoza, Sala Mendoza, Caracas (2013); Segundo Premio IX Salon CANTV de J\u00f3venes con FIA (2006); entre otros. Su obra forma parte de las colecciones: ESCALA. Essex Collection for Art from Latin America. (UK), Colecci\u00f3n Patricia Phelps de Cisneros (CPPC) (USA-Venezuela), Colecci\u00f3n Juan Yarur (Chile), Banco Mercantil (Venezuela), Molaa Museum of Latin American Art (Los Angeles, USA), Hotel Paseo Las Mercedes (Caracas, Venezuela), y Miami Art Central (Miami, USA).<\/p>\n<p><strong>ARTBO 2019<\/strong> se estar\u00e1 realizando del 19 al 22 de septiembre de 2019 en el recinto ferial Corferias de Bogot\u00e1, Colombia, con la participaci\u00f3n de 67 galer\u00edas de 17 pa\u00edses, distribuidas en las secciones Principal, Proyectos, Referentes, Sitio y Artec\u00e1mara; reafirm\u00e1ndose una vez m\u00e1s como una de las plataformas m\u00e1s importantes de intercambio cultural e investigaci\u00f3n en Am\u00e9rica Latina.<\/p>\n<p>Mayor informaci\u00f3n por <a href=\"http:\/\/www.artbo.co\" data-saferedirecturl=\"https:\/\/www.google.com\/url?q=http:\/\/www.artbo.co&amp;source=gmail&amp;ust=1569129104565000&amp;usg=AFQjCNGtoDclNaT1IA8MXQki6vGCZdRgyQ\">www.artbo.co<\/a> o a trav\u00e9s de las cuentas de Twitter <a href=\"https:\/\/twitter.com\/feriaartbo?lang=en\" data-saferedirecturl=\"https:\/\/www.google.com\/url?q=https:\/\/twitter.com\/feriaartbo?lang%3Den&amp;source=gmail&amp;ust=1569129104565000&amp;usg=AFQjCNEGrbcig5U_TTcjnWHaIr6YoPJYbQ\">@feriaARTBO<\/a> y <a href=\"https:\/\/twitter.com\/abracaracas?lang=en\" data-saferedirecturl=\"https:\/\/www.google.com\/url?q=https:\/\/twitter.com\/abracaracas?lang%3Den&amp;source=gmail&amp;ust=1569129104565000&amp;usg=AFQjCNFBPBel2w8N6Iiwom53EyiDsdmecA\">@abracaracas<\/a> o de Instagram <a href=\"https:\/\/www.instagram.com\/feriaartbo\/?hl=en\" data-saferedirecturl=\"https:\/\/www.google.com\/url?q=https:\/\/www.instagram.com\/feriaartbo\/?hl%3Den&amp;source=gmail&amp;ust=1569129104565000&amp;usg=AFQjCNEXM_piT2f4w5et7EgOeAwSUMUFaw\">@feriaartbo<\/a> y <a href=\"https:\/\/www.instagram.com\/abracaracas\/?hl=en\" data-saferedirecturl=\"https:\/\/www.google.com\/url?q=https:\/\/www.instagram.com\/abracaracas\/?hl%3Den&amp;source=gmail&amp;ust=1569129104565000&amp;usg=AFQjCNGY4xwgYtPc66ou7evedK-8n8n1rg\">@abracaracas<\/a><\/p>\n","protected":false},"excerpt":{"rendered":"<p>La galer\u00eda venezolana de arte contempor\u00e1neo ABRA, participar\u00e1 por tercer a\u00f1o consecutivo en la Feria Internacional de Arte de Bogot\u00e1 (ARTBO), que tendr\u00e1 lugar entre el 19 y el 22 de septiembre de 2019, en el recinto ferial Corferias en la ciudad de Bogot\u00e1, Colombia. Durante cuatro d\u00edas galer\u00edas, curadores, artistas y p\u00fablico general se [&hellip;]<\/p>\n","protected":false},"author":2,"featured_media":6541,"comment_status":"closed","ping_status":"open","sticky":false,"template":"","format":"standard","meta":[],"categories":[146],"tags":[2222,7616,2904,7615,3184],"wppr_data":[],"_links":{"self":[{"href":"https:\/\/www.notaoficial.com\/s\/wp-json\/wp\/v2\/posts\/6539"}],"collection":[{"href":"https:\/\/www.notaoficial.com\/s\/wp-json\/wp\/v2\/posts"}],"about":[{"href":"https:\/\/www.notaoficial.com\/s\/wp-json\/wp\/v2\/types\/post"}],"author":[{"embeddable":true,"href":"https:\/\/www.notaoficial.com\/s\/wp-json\/wp\/v2\/users\/2"}],"replies":[{"embeddable":true,"href":"https:\/\/www.notaoficial.com\/s\/wp-json\/wp\/v2\/comments?post=6539"}],"version-history":[{"count":2,"href":"https:\/\/www.notaoficial.com\/s\/wp-json\/wp\/v2\/posts\/6539\/revisions"}],"predecessor-version":[{"id":6543,"href":"https:\/\/www.notaoficial.com\/s\/wp-json\/wp\/v2\/posts\/6539\/revisions\/6543"}],"wp:featuredmedia":[{"embeddable":true,"href":"https:\/\/www.notaoficial.com\/s\/wp-json\/wp\/v2\/media\/6541"}],"wp:attachment":[{"href":"https:\/\/www.notaoficial.com\/s\/wp-json\/wp\/v2\/media?parent=6539"}],"wp:term":[{"taxonomy":"category","embeddable":true,"href":"https:\/\/www.notaoficial.com\/s\/wp-json\/wp\/v2\/categories?post=6539"},{"taxonomy":"post_tag","embeddable":true,"href":"https:\/\/www.notaoficial.com\/s\/wp-json\/wp\/v2\/tags?post=6539"}],"curies":[{"name":"wp","href":"https:\/\/api.w.org\/{rel}","templated":true}]}}