{"id":6560,"date":"2019-09-24T08:51:52","date_gmt":"2019-09-24T12:51:52","guid":{"rendered":"http:\/\/www.notaoficial.com\/s\/?p=6560"},"modified":"2019-09-24T08:51:52","modified_gmt":"2019-09-24T12:51:52","slug":"cesar-se-aduena-del-1-de-la-radio-venezolana","status":"publish","type":"post","link":"https:\/\/www.notaoficial.com\/s\/2019\/09\/24\/cesar-se-aduena-del-1-de-la-radio-venezolana\/","title":{"rendered":"C\u00e9sar se adue\u00f1a del #1 de la radio venezolana"},"content":{"rendered":"<p>El chileno C\u00e9sar sigue conquistando el mercado musical venezolano. Despu\u00e9s de permanecer por tres semanas consecutivas en el puesto #1 de la cartelera Pop de Monitor latino, el cantante ahora se apodera del sitial de honor del rengl\u00f3n General de la misma, siendo \u00e9ste el m\u00e1s importante.<\/p>\n<p>\u201cTe amo\u201d es la balada con fusiones urbanas que ha permitido que C\u00e9sar cale en el gusto de p\u00fablico venezolano. Este es el primer tema del chileno, y ser #1 en Venezuela, siendo chileno, lo llena de much\u00edsima emoci\u00f3n. \u201cEstoy muy feliz\u00a0 por este tremendo logro. Ha sido producto del empuje y la constancia de mi trabajo y el de un gran equipo que ha estado detr\u00e1s de todo esto. Hemos logrado este tan esperado 1er lugar, pero lo m\u00e1s importante ha sido poder meternos\u00a0 en el coraz\u00f3n de mi querida gente venezolana\u201d, comenta el cantante.<\/p>\n<p>Es que este tema, definitivamente, tiene un sonido que gusta en los radioescuchas. \u201c\u2019Te amo\u2019 ha tenido una excelente recepci\u00f3n por ser un tema con dos g\u00e9neros muy marcados. Ha sido incre\u00edble sentir el calor de la gente aceptando la canci\u00f3n, el apoyo de las radios y medios de comunicaci\u00f3n simplemente ha sido una experiencia maravillosa\u201d, cuenta con emoci\u00f3n.<\/p>\n<p>El cari\u00f1o que ha sentido C\u00e9sar del p\u00fablico nacional ha sido tal, que el chileno estar\u00e1 visitando Venezuela en los pr\u00f3ximos meses para cumplir con un fuerte trabajo de promoci\u00f3n. Mientras tanto, compite como un posible representando de Chile en Vi\u00f1a del Mar, siendo uno de los preferidos del p\u00fablico de su pa\u00eds natal.<\/p>\n<p><strong>Para conocer cada paso de C\u00e9sar no duden en seguirlo en sus redes sociales como @cesarcantante__official.<\/strong><\/p>\n","protected":false},"excerpt":{"rendered":"<p>El chileno C\u00e9sar sigue conquistando el mercado musical venezolano. Despu\u00e9s de permanecer por tres semanas consecutivas en el puesto #1 de la cartelera Pop de Monitor latino, el cantante ahora se apodera del sitial de honor del rengl\u00f3n General de la misma, siendo \u00e9ste el m\u00e1s importante. \u201cTe amo\u201d es la balada con fusiones urbanas [&hellip;]<\/p>\n","protected":false},"author":2,"featured_media":6563,"comment_status":"closed","ping_status":"open","sticky":false,"template":"","format":"standard","meta":[],"categories":[146],"tags":[7118],"wppr_data":[],"_links":{"self":[{"href":"https:\/\/www.notaoficial.com\/s\/wp-json\/wp\/v2\/posts\/6560"}],"collection":[{"href":"https:\/\/www.notaoficial.com\/s\/wp-json\/wp\/v2\/posts"}],"about":[{"href":"https:\/\/www.notaoficial.com\/s\/wp-json\/wp\/v2\/types\/post"}],"author":[{"embeddable":true,"href":"https:\/\/www.notaoficial.com\/s\/wp-json\/wp\/v2\/users\/2"}],"replies":[{"embeddable":true,"href":"https:\/\/www.notaoficial.com\/s\/wp-json\/wp\/v2\/comments?post=6560"}],"version-history":[{"count":1,"href":"https:\/\/www.notaoficial.com\/s\/wp-json\/wp\/v2\/posts\/6560\/revisions"}],"predecessor-version":[{"id":6565,"href":"https:\/\/www.notaoficial.com\/s\/wp-json\/wp\/v2\/posts\/6560\/revisions\/6565"}],"wp:featuredmedia":[{"embeddable":true,"href":"https:\/\/www.notaoficial.com\/s\/wp-json\/wp\/v2\/media\/6563"}],"wp:attachment":[{"href":"https:\/\/www.notaoficial.com\/s\/wp-json\/wp\/v2\/media?parent=6560"}],"wp:term":[{"taxonomy":"category","embeddable":true,"href":"https:\/\/www.notaoficial.com\/s\/wp-json\/wp\/v2\/categories?post=6560"},{"taxonomy":"post_tag","embeddable":true,"href":"https:\/\/www.notaoficial.com\/s\/wp-json\/wp\/v2\/tags?post=6560"}],"curies":[{"name":"wp","href":"https:\/\/api.w.org\/{rel}","templated":true}]}}