{"id":6587,"date":"2019-09-28T14:55:12","date_gmt":"2019-09-28T18:55:12","guid":{"rendered":"http:\/\/www.notaoficial.com\/s\/?p=6587"},"modified":"2019-09-28T14:55:12","modified_gmt":"2019-09-28T18:55:12","slug":"esculturas-de-noemi-marquez-rinden-tributo-a-la-tierra-en-la-galeria-dmuseo-del-centro-de-arte-los-galpones","status":"publish","type":"post","link":"https:\/\/www.notaoficial.com\/s\/2019\/09\/28\/esculturas-de-noemi-marquez-rinden-tributo-a-la-tierra-en-la-galeria-dmuseo-del-centro-de-arte-los-galpones\/","title":{"rendered":"Esculturas de Noem\u00ed M\u00e1rquez rinden tributo a la tierra en la Galer\u00eda D\u2019Museo del Centro de Arte Los Galpones"},"content":{"rendered":"<p>&nbsp;<\/p>\n<p class=\"MsoNormal\" style=\"text-align: justify; line-height: 115%; margin: 0cm 0cm 0.0001pt; font-size: 12pt; font-family: 'Times New Roman','serif';\"><span lang=\"ES\" style=\"font-family: 'Arial','sans-serif';\">La obra de la reconocida ceramista venezolana Noem\u00ed M\u00e1rquez, ser\u00e1 exhibida en una exposici\u00f3n titulada <b><i>Tributo a la Tierra 2<\/i><\/b>, que ser\u00e1 inaugurada el domingo 29 de septiembre de 2019 a las 11 am, en la Galer\u00eda D\u2019Museo del Centro de Arte Los Galpones.<\/span><\/p>\n<p class=\"MsoNormal\" style=\"text-align: justify; line-height: 115%; margin: 0cm 0cm 0.0001pt; font-size: 12pt; font-family: 'Times New Roman','serif';\"><span lang=\"ES\" style=\"font-family: 'Arial','sans-serif';\">\u00a0<\/span><\/p>\n<p class=\"MsoNormal\" style=\"text-align: justify; line-height: 115%; margin: 0cm 0cm 0.0001pt; font-size: 12pt; font-family: 'Times New Roman','serif';\"><span lang=\"ES\" style=\"font-family: 'Arial','sans-serif';\">Una selecci\u00f3n de esculturas de arcilla en diversos formatos \u2013entre las que se incluyen piezas monumentales de hasta tres metros de altura\u2013 integran esta muestra que da cuenta del cuerpo de trabajo desarrollado por esta creadora a largo de una fruct\u00edfera trayectoria de m\u00e1s de cuarenta a\u00f1os. <\/span><\/p>\n<p class=\"MsoNormal\" style=\"text-align: justify; line-height: 115%; margin: 0cm 0cm 0.0001pt; font-size: 12pt; font-family: 'Times New Roman','serif';\"><span lang=\"ES\" style=\"font-family: 'Arial','sans-serif';\">\u00a0<\/span><\/p>\n<p class=\"MsoNormal\" style=\"text-align: justify; line-height: 115%; margin: 0cm 0cm 0.0001pt; font-size: 12pt; font-family: 'Times New Roman','serif';\"><span lang=\"ES\" style=\"font-family: 'Arial','sans-serif';\">De acuerdo a la curadora e investigadora de artes visuales, Mar\u00eda Luz C\u00e1rdenas, Noem\u00ed M\u00e1rquez es una de las artistas pioneras en la expansi\u00f3n de las fronteras de la cer\u00e1mica hacia el campo de la escultura, expresada en un s\u00f3lido y renovador lenguaje que re\u00fane la experiencia ancestral del trato con la tierra y la pureza de las formas del arte contempor\u00e1neo.\u00a0 <\/span><\/p>\n<p class=\"MsoNormal\" style=\"text-align: justify; line-height: 115%; margin: 0cm 0cm 0.0001pt; font-size: 12pt; font-family: 'Times New Roman','serif';\"><span lang=\"ES\" style=\"font-family: 'Arial','sans-serif';\">\u00a0<\/span><\/p>\n<p class=\"MsoNormal\" style=\"text-align: justify; line-height: 115%; margin: 0cm 0cm 0.0001pt; font-size: 12pt; font-family: 'Times New Roman','serif';\"><span lang=\"ES\" style=\"font-family: 'Arial','sans-serif';\">\u201cLa creaci\u00f3n adquiere en ella la fuerza ritual de los procesos tot\u00e9micos y los elementos simb\u00f3licos que mueven la reflexi\u00f3n sobre la los misterios de la vida, la muerte y los v\u00ednculos con lo sagrado. Su original t\u00e9cnica\u00a0 le permite manejar impecablemente las escalas y las texturas \u2013signos, escrituras, arados, rasgu\u00f1os\u201d, afirma la curadora. <\/span><\/p>\n<p class=\"MsoNormal\" style=\"text-align: justify; line-height: 115%; margin: 0cm 0cm 0.0001pt; font-size: 12pt; font-family: 'Times New Roman','serif';\"><span lang=\"ES\" style=\"font-family: 'Arial','sans-serif';\">\u00a0<\/span><\/p>\n<p class=\"MsoNormal\" style=\"text-align: justify; line-height: 115%; margin: 0cm 0cm 0.0001pt; font-size: 12pt; font-family: 'Times New Roman','serif';\"><span lang=\"ES\" style=\"font-family: 'Arial','sans-serif';\">\u201cSu obra tan \u00fanica y especial adquiere una vigorosa manifestaci\u00f3n en los altares-instalaciones que conjugan diferentes formatos y entramados. La obra\u00a0 eleva sus dimensiones y se convierte en un recinto sagrado, tel\u00farico, imponente en su alcance, poderoso por su noble en su sentido del volumen\u201d\u00a0 <\/span><\/p>\n<p class=\"MsoNormal\" style=\"text-align: justify; line-height: 115%; margin: 0cm 0cm 0.0001pt; font-size: 12pt; font-family: 'Times New Roman','serif';\"><span lang=\"ES\" style=\"font-family: 'Arial','sans-serif';\">\u00a0<\/span><\/p>\n<p class=\"MsoNormal\" style=\"text-align: justify; line-height: 115%; margin: 0cm 0cm 0.0001pt; font-size: 12pt; font-family: 'Times New Roman','serif';\"><span lang=\"ES\" style=\"font-family: 'Arial','sans-serif';\">Noem\u00ed M\u00e1rquez (Valencia, Carabobo, 1933) ha exhibido su obra en museos y galer\u00edas de Venezuela, Estados Unidos, Inglaterra, Puerto Rico, M\u00e9xico, Inglaterra, Yugoslavia, Taiw\u00e1n, Colombia, Suecia, B\u00e9lgica y China; adem\u00e1s ha recibido importantes reconocimientos, como el Premio Nacional de las Artes de Fuego (1998) y el Premio AICA como Maestra de las Artes en Venezuela (2015), entre otros.<\/span><\/p>\n<p class=\"MsoNormal\" style=\"text-align: justify; line-height: 115%; margin: 0cm 0cm 0.0001pt; font-size: 12pt; font-family: 'Times New Roman','serif';\"><span lang=\"ES\" style=\"font-family: 'Arial','sans-serif';\">\u00a0<\/span><\/p>\n<p class=\"MsoNormal\" style=\"text-align: justify; line-height: 115%; margin: 0cm 0cm 0.0001pt; font-size: 12pt; font-family: 'Times New Roman','serif';\"><span lang=\"ES\" style=\"font-family: 'Arial','sans-serif';\">La exposici\u00f3n <b><i>Tributo a la Tierra 2<\/i><\/b> de Noem\u00ed M\u00e1rquez, podr\u00e1 ser visitada a partir del 29 de septiembre de 2019 en la Galer\u00eda D\u2019Museo, ubicada en el Centro de Arte Los Galpones, avenida \u00c1vila con 8va transversal de Los Chorros, Caracas. El horario es de mi\u00e9rcoles a s\u00e1bados de 11 am a 6 pm, y los domingos de 11 am a 4 pm. La entrada es libre.<\/span><\/p>\n<p>&nbsp;<\/p>\n","protected":false},"excerpt":{"rendered":"<p>&nbsp; La obra de la reconocida ceramista venezolana Noem\u00ed M\u00e1rquez, ser\u00e1 exhibida en una exposici\u00f3n titulada Tributo a la Tierra 2, que ser\u00e1 inaugurada el domingo 29 de septiembre de 2019 a las 11 am, en la Galer\u00eda D\u2019Museo del Centro de Arte Los Galpones. \u00a0 Una selecci\u00f3n de esculturas de arcilla en diversos formatos [&hellip;]<\/p>\n","protected":false},"author":2,"featured_media":6588,"comment_status":"closed","ping_status":"open","sticky":false,"template":"","format":"standard","meta":[],"categories":[463,2],"tags":[712,1556,2812,7663,7662],"wppr_data":[],"_links":{"self":[{"href":"https:\/\/www.notaoficial.com\/s\/wp-json\/wp\/v2\/posts\/6587"}],"collection":[{"href":"https:\/\/www.notaoficial.com\/s\/wp-json\/wp\/v2\/posts"}],"about":[{"href":"https:\/\/www.notaoficial.com\/s\/wp-json\/wp\/v2\/types\/post"}],"author":[{"embeddable":true,"href":"https:\/\/www.notaoficial.com\/s\/wp-json\/wp\/v2\/users\/2"}],"replies":[{"embeddable":true,"href":"https:\/\/www.notaoficial.com\/s\/wp-json\/wp\/v2\/comments?post=6587"}],"version-history":[{"count":1,"href":"https:\/\/www.notaoficial.com\/s\/wp-json\/wp\/v2\/posts\/6587\/revisions"}],"predecessor-version":[{"id":6589,"href":"https:\/\/www.notaoficial.com\/s\/wp-json\/wp\/v2\/posts\/6587\/revisions\/6589"}],"wp:featuredmedia":[{"embeddable":true,"href":"https:\/\/www.notaoficial.com\/s\/wp-json\/wp\/v2\/media\/6588"}],"wp:attachment":[{"href":"https:\/\/www.notaoficial.com\/s\/wp-json\/wp\/v2\/media?parent=6587"}],"wp:term":[{"taxonomy":"category","embeddable":true,"href":"https:\/\/www.notaoficial.com\/s\/wp-json\/wp\/v2\/categories?post=6587"},{"taxonomy":"post_tag","embeddable":true,"href":"https:\/\/www.notaoficial.com\/s\/wp-json\/wp\/v2\/tags?post=6587"}],"curies":[{"name":"wp","href":"https:\/\/api.w.org\/{rel}","templated":true}]}}