{"id":6617,"date":"2019-10-01T23:02:33","date_gmt":"2019-10-02T03:02:33","guid":{"rendered":"http:\/\/www.notaoficial.com\/s\/?p=6617"},"modified":"2019-10-01T14:04:46","modified_gmt":"2019-10-01T18:04:46","slug":"dayan-tomo-tenerife","status":"publish","type":"post","link":"https:\/\/www.notaoficial.com\/s\/2019\/10\/01\/dayan-tomo-tenerife\/","title":{"rendered":"Dayan \u201ctom\u00f3\u201d Tenerife"},"content":{"rendered":"<p>La carrera de Dayan sigue en notable ascenso. Su talento e imponente voz se han ido adue\u00f1ando poco a poco de diferentes lugares y p\u00fablicos, mientras que su EP \u201cEmociones\u201d cada vez cuenta con m\u00e1s descargas y reproducciones dentro de las plataformas digitales.<\/p>\n<p>La fuerza que ha tomado la carrera de Dayan ha sido tal que acaba de cumplir con una serie de presentaciones exitosas en Los Carnavales de Puerto de La Cruz en Tenerife, Espa\u00f1a, los d\u00edas 12, 13, 14 y 15 de septiembre. \u201cHa sido de esas experiencias que simplemente te marcan y sabes que nunca olvidar\u00e1s. \u00a1Am\u00e9 todo!\u201d, cuenta emocionada la cantante. En cuanto a la receptividad del p\u00fablico agrega: \u201cFue fabulosa. Hab\u00eda personas de todo tipo de nacionalidad, verlos bailar y disfrutar \u201cT\u00f3mame\u201d y el resto de mi m\u00fasica me llen\u00f3 de mucha m\u00e1s fuerza. La energ\u00eda de los carnavales, la magia de la isla, cantar frente al mar es un sue\u00f1o para todos\u201d.<\/p>\n<p>Adem\u00e1s, en medio de su visita a Tenerife estuvo como invitada al foro Tendencias del Carnaval. \u201cMe sent\u00ed afortunada. Gracias a la m\u00fasica tengo la oportunidad de alzar la voz y promover la libertad que necesitamos en el mundo en este tipo de eventos\u201d expres\u00f3.<\/p>\n<p>Dayan planea seguir llevando su buena m\u00fasica a diferentes rincones del mundo, siempre con amor hacia cada uno de sus seguidores. \u201cMi pa\u00eds y M\u00e9xico me han demostrado que amor con amor se paga. Pienso darle amor y buena m\u00fasica a todos los pa\u00edses que la vida me permita visitar\u201d, asegura la cantante, quien sigue creando buena m\u00fasica y grandes puestas en escena para su p\u00fablico.<\/p>\n<p>Para seguir cada paso de la talentosa cantante no duden en seguirla en sus redes sociales como @DayanPop.<\/p>\n","protected":false},"excerpt":{"rendered":"<p>La carrera de Dayan sigue en notable ascenso. Su talento e imponente voz se han ido adue\u00f1ando poco a poco de diferentes lugares y p\u00fablicos, mientras que su EP \u201cEmociones\u201d cada vez cuenta con m\u00e1s descargas y reproducciones dentro de las plataformas digitales. La fuerza que ha tomado la carrera de Dayan ha sido tal [&hellip;]<\/p>\n","protected":false},"author":2,"featured_media":6618,"comment_status":"closed","ping_status":"open","sticky":false,"template":"","format":"standard","meta":[],"categories":[146],"tags":[6001],"wppr_data":[],"_links":{"self":[{"href":"https:\/\/www.notaoficial.com\/s\/wp-json\/wp\/v2\/posts\/6617"}],"collection":[{"href":"https:\/\/www.notaoficial.com\/s\/wp-json\/wp\/v2\/posts"}],"about":[{"href":"https:\/\/www.notaoficial.com\/s\/wp-json\/wp\/v2\/types\/post"}],"author":[{"embeddable":true,"href":"https:\/\/www.notaoficial.com\/s\/wp-json\/wp\/v2\/users\/2"}],"replies":[{"embeddable":true,"href":"https:\/\/www.notaoficial.com\/s\/wp-json\/wp\/v2\/comments?post=6617"}],"version-history":[{"count":1,"href":"https:\/\/www.notaoficial.com\/s\/wp-json\/wp\/v2\/posts\/6617\/revisions"}],"predecessor-version":[{"id":6619,"href":"https:\/\/www.notaoficial.com\/s\/wp-json\/wp\/v2\/posts\/6617\/revisions\/6619"}],"wp:featuredmedia":[{"embeddable":true,"href":"https:\/\/www.notaoficial.com\/s\/wp-json\/wp\/v2\/media\/6618"}],"wp:attachment":[{"href":"https:\/\/www.notaoficial.com\/s\/wp-json\/wp\/v2\/media?parent=6617"}],"wp:term":[{"taxonomy":"category","embeddable":true,"href":"https:\/\/www.notaoficial.com\/s\/wp-json\/wp\/v2\/categories?post=6617"},{"taxonomy":"post_tag","embeddable":true,"href":"https:\/\/www.notaoficial.com\/s\/wp-json\/wp\/v2\/tags?post=6617"}],"curies":[{"name":"wp","href":"https:\/\/api.w.org\/{rel}","templated":true}]}}