{"id":6626,"date":"2019-10-03T10:50:20","date_gmt":"2019-10-03T14:50:20","guid":{"rendered":"http:\/\/www.notaoficial.com\/s\/?p=6626"},"modified":"2019-10-03T08:52:33","modified_gmt":"2019-10-03T12:52:33","slug":"primer-aplauso-se-apodera-de-la-pantalla-venezolana","status":"publish","type":"post","link":"https:\/\/www.notaoficial.com\/s\/2019\/10\/03\/primer-aplauso-se-apodera-de-la-pantalla-venezolana\/","title":{"rendered":"\u201cPrimer Aplauso\u201d se apodera de la pantalla venezolana"},"content":{"rendered":"<p><strong>Con el firme prop\u00f3sito de encontrar a la pr\u00f3xima estrella musical venezolana llega a la pantalla el reality show<\/strong> <strong>\u201cPrimer Aplauso\u201d<\/strong>. Un espacio que reune lo mejor del talento vocal de Venezuela, el cu\u00e1l ser\u00e1 transmitido a trav\u00e9s de la se\u00f1al del TLT La Tele Tuya a partir de este pr\u00f3ximo domingo 29 de septiembre a las 8:00 p.m.<\/p>\n<p>El espacio <strong>cuenta con un equipo de producci\u00f3n de lujo, en los que destacan Sim\u00f3n Stern, del reconocido programa espa\u00f1ol, \u201cOperaci\u00f3n Triunfo\u201d en la direcci\u00f3n<\/strong>. Por su parte, <strong>el jurado est\u00e1 compuesto por Franco Bellomo, Manolo Aldana y Reynaldo Hidalgo<\/strong>; mientras que <strong>los instructores vocales son\u00a0 Rey Armas, Betriks Medina, Adrian Tuesta y Natalie Rego<\/strong>.<\/p>\n<p><strong>La idea original del programa sali\u00f3 de la mente del presidente de TLT, Esteban Trapiello<\/strong>. De all\u00ed <strong>se conform\u00f3 un excelente equipo de producci\u00f3n que ha llevado a cabo, a la perfecci\u00f3n, lo planteado.<\/strong> Es por ello que las expectativas con este espacio son muy altas, y eso se nota no s\u00f3lo en la gran elecci\u00f3n de los participantes, sino en cada una de sus puestas en escena y el empe\u00f1o que le imprimen a su preparaci\u00f3n.<\/p>\n<p>En cuanto a montaje, <strong>\u201cPrimer aplauso\u201d muestra algo completamente diferente a lo que est\u00e1 acostumbrado el p\u00fablico venezolano<\/strong>. Pantallas LED adornan cada espacio del escenario, mientras que el juego de luces deslumbra en cada toma. En la direcci\u00f3n, <strong>Sim\u00f3n Stern ha sabido mostrar y captar los mejores planos, haciendo que en c\u00e1mara se note la gran calidad del proyecto.<\/strong><\/p>\n<p>En cada gala <strong>se podr\u00e1 disfrutar de un gran talento vocal, una excelente puesta en escena y un trabajo de talla internacional <\/strong>que, sin duda, reivindicar\u00e1 el concepto de realitys shows musicales en Venezuela.<\/p>\n<p><strong>Para conocer m\u00e1s de este reality, no duden seguirlo en sus redes sociales como @primeraplausotlt.<\/strong><\/p>\n","protected":false},"excerpt":{"rendered":"<p>Con el firme prop\u00f3sito de encontrar a la pr\u00f3xima estrella musical venezolana llega a la pantalla el reality show \u201cPrimer Aplauso\u201d. Un espacio que reune lo mejor del talento vocal de Venezuela, el cu\u00e1l ser\u00e1 transmitido a trav\u00e9s de la se\u00f1al del TLT La Tele Tuya a partir de este pr\u00f3ximo domingo 29 de septiembre [&hellip;]<\/p>\n","protected":false},"author":2,"featured_media":6627,"comment_status":"closed","ping_status":"open","sticky":false,"template":"","format":"standard","meta":[],"categories":[463,2],"tags":[7705,7704,4235,7707,7706,7703,7708],"wppr_data":[],"_links":{"self":[{"href":"https:\/\/www.notaoficial.com\/s\/wp-json\/wp\/v2\/posts\/6626"}],"collection":[{"href":"https:\/\/www.notaoficial.com\/s\/wp-json\/wp\/v2\/posts"}],"about":[{"href":"https:\/\/www.notaoficial.com\/s\/wp-json\/wp\/v2\/types\/post"}],"author":[{"embeddable":true,"href":"https:\/\/www.notaoficial.com\/s\/wp-json\/wp\/v2\/users\/2"}],"replies":[{"embeddable":true,"href":"https:\/\/www.notaoficial.com\/s\/wp-json\/wp\/v2\/comments?post=6626"}],"version-history":[{"count":1,"href":"https:\/\/www.notaoficial.com\/s\/wp-json\/wp\/v2\/posts\/6626\/revisions"}],"predecessor-version":[{"id":6628,"href":"https:\/\/www.notaoficial.com\/s\/wp-json\/wp\/v2\/posts\/6626\/revisions\/6628"}],"wp:featuredmedia":[{"embeddable":true,"href":"https:\/\/www.notaoficial.com\/s\/wp-json\/wp\/v2\/media\/6627"}],"wp:attachment":[{"href":"https:\/\/www.notaoficial.com\/s\/wp-json\/wp\/v2\/media?parent=6626"}],"wp:term":[{"taxonomy":"category","embeddable":true,"href":"https:\/\/www.notaoficial.com\/s\/wp-json\/wp\/v2\/categories?post=6626"},{"taxonomy":"post_tag","embeddable":true,"href":"https:\/\/www.notaoficial.com\/s\/wp-json\/wp\/v2\/tags?post=6626"}],"curies":[{"name":"wp","href":"https:\/\/api.w.org\/{rel}","templated":true}]}}