{"id":6629,"date":"2019-10-03T13:52:42","date_gmt":"2019-10-03T17:52:42","guid":{"rendered":"http:\/\/www.notaoficial.com\/s\/?p=6629"},"modified":"2019-10-03T08:57:35","modified_gmt":"2019-10-03T12:57:35","slug":"acuarela-reedita-asi-duele-un-verano-de-migala-en-vinilo-doble","status":"publish","type":"post","link":"https:\/\/www.notaoficial.com\/s\/2019\/10\/03\/acuarela-reedita-asi-duele-un-verano-de-migala-en-vinilo-doble\/","title":{"rendered":"Acuarela reedita \u00abAs\u00ed Duele un Verano\u00bb de Migala en vinilo doble"},"content":{"rendered":"<p>Acuarela presenta la reedici\u00f3n en doble vinilo del\u00a0 emblem\u00e1tico \u201c<strong>As\u00ed Duele un Verano<\/strong>\u201d (Acuarela, 1998), segundo \u00e1lbum de <strong>MIGALA.<\/strong> Un hito de la escena musical independiente en su momento y un cl\u00e1sico veinti\u00fan a\u00f1os despu\u00e9s cuyas 13 canciones han sido remasterizadas para la ocasi\u00f3n.<\/p>\n<p>Con un dise\u00f1o y un sonido espectaculares \u201c<strong>As\u00ed Duele Un Verano<\/strong>\u201d (primero en el que contaron con la participaci\u00f3n de <strong>Nacho Vegas<\/strong>), reluce por sus composiciones de ambientes cinematogr\u00e1ficos e hipn\u00f3ticos y unos complejos arreglos musicales, muy influidos por el rock y el folk anglosaj\u00f3n. El resultado fue un estilo totalmente reconocible entonces y ahora.<\/p>\n<p>Durante casi una d\u00e9cada en activo MIGALA tuvieron tiempo para hacer de banda de acompa\u00f1amiento de Will Oldham, telonear a Red House Painters y Smog o publicar un 7\u201d y un \u00e1lbum en <strong>Sub Pop<\/strong> gracias a la recomendaci\u00f3n de Stuart David (Belle &amp; Sebastian). Tambi\u00e9n para contar con distribuci\u00f3n a nivel mundial, destacando Francia (donde vendieron casi 6000 cds) y por supuesto USA, tierra de donde tomaban sus influencias cercanas al art-folk o el post-rock.<\/p>\n<p>Y, atenci\u00f3n, a ellos pertenece la puntuaci\u00f3n m\u00e1s alta dada en <strong>Pitchfork<\/strong> a un disco espa\u00f1ol: 9.3 a \u2018Arde\u2019 en 2001 (\u2018Restos de un incendio\u2019 obtuvo un 8.4 en la misma publicaci\u00f3n). Adem\u00e1s, medios tan prestigiosos como Le Monde, Liberation, Magic!, Les Inrockuptibles, O Globo, Spin, Alternative Press, The Independent o The Sunday Herald les dedicaron art\u00edculos, cr\u00edticas y entrevistas.<\/p>\n","protected":false},"excerpt":{"rendered":"<p>Acuarela presenta la reedici\u00f3n en doble vinilo del\u00a0 emblem\u00e1tico \u201cAs\u00ed Duele un Verano\u201d (Acuarela, 1998), segundo \u00e1lbum de MIGALA. Un hito de la escena musical independiente en su momento y un cl\u00e1sico veinti\u00fan a\u00f1os despu\u00e9s cuyas 13 canciones han sido remasterizadas para la ocasi\u00f3n. Con un dise\u00f1o y un sonido espectaculares \u201cAs\u00ed Duele Un Verano\u201d [&hellip;]<\/p>\n","protected":false},"author":2,"featured_media":6630,"comment_status":"closed","ping_status":"open","sticky":false,"template":"","format":"standard","meta":[],"categories":[146],"tags":[7709],"wppr_data":[],"_links":{"self":[{"href":"https:\/\/www.notaoficial.com\/s\/wp-json\/wp\/v2\/posts\/6629"}],"collection":[{"href":"https:\/\/www.notaoficial.com\/s\/wp-json\/wp\/v2\/posts"}],"about":[{"href":"https:\/\/www.notaoficial.com\/s\/wp-json\/wp\/v2\/types\/post"}],"author":[{"embeddable":true,"href":"https:\/\/www.notaoficial.com\/s\/wp-json\/wp\/v2\/users\/2"}],"replies":[{"embeddable":true,"href":"https:\/\/www.notaoficial.com\/s\/wp-json\/wp\/v2\/comments?post=6629"}],"version-history":[{"count":1,"href":"https:\/\/www.notaoficial.com\/s\/wp-json\/wp\/v2\/posts\/6629\/revisions"}],"predecessor-version":[{"id":6631,"href":"https:\/\/www.notaoficial.com\/s\/wp-json\/wp\/v2\/posts\/6629\/revisions\/6631"}],"wp:featuredmedia":[{"embeddable":true,"href":"https:\/\/www.notaoficial.com\/s\/wp-json\/wp\/v2\/media\/6630"}],"wp:attachment":[{"href":"https:\/\/www.notaoficial.com\/s\/wp-json\/wp\/v2\/media?parent=6629"}],"wp:term":[{"taxonomy":"category","embeddable":true,"href":"https:\/\/www.notaoficial.com\/s\/wp-json\/wp\/v2\/categories?post=6629"},{"taxonomy":"post_tag","embeddable":true,"href":"https:\/\/www.notaoficial.com\/s\/wp-json\/wp\/v2\/tags?post=6629"}],"curies":[{"name":"wp","href":"https:\/\/api.w.org\/{rel}","templated":true}]}}