{"id":6677,"date":"2019-10-09T04:17:56","date_gmt":"2019-10-09T08:17:56","guid":{"rendered":"http:\/\/www.notaoficial.com\/s\/?p=6677"},"modified":"2019-10-09T00:21:02","modified_gmt":"2019-10-09T04:21:02","slug":"samsung-dara-vida-a-espacios-de-aprendizaje-a-ocho-escuelas-de-la-region-durante-el-mes-de-voluntariado","status":"publish","type":"post","link":"https:\/\/www.notaoficial.com\/s\/2019\/10\/09\/samsung-dara-vida-a-espacios-de-aprendizaje-a-ocho-escuelas-de-la-region-durante-el-mes-de-voluntariado\/","title":{"rendered":"Samsung dar\u00e1 vida a espacios de aprendizaje a ocho escuelas de la regi\u00f3n durante el Mes de Voluntariado"},"content":{"rendered":"<p>Octubre marca el inicio de las actividades globales de voluntariado de Samsung en todo el mundo. Entre el 8 y el 12 de octubre, un contingente de voluntarios de Samsung Electronics Latinoam\u00e9rica, junto con representantes de la ONG Glasswing International, tomar\u00e1n un grupo de planteles escolares de ocho pa\u00edses de la regi\u00f3n para desarrollar rincones l\u00fadicos de aprendizaje para que los estudiantes puedan tener un espacio que los estimule a leer y divertirse mientras aprenden.<\/p>\n<p>Bajo la premisa Juntos por una buena causa\u201d, durante el Mes del Voluntariado Samsung, colaboradores de Samsung Electronics de Guatemala, El Salvador, Honduras, Nicaragua, Costa Rica, Panam\u00e1, Rep\u00fablica Dominicana y Ecuador visitar\u00e1n una escuela de su comunidad, identificadas por la organizaci\u00f3n Glasswing International, para hacer adecuaciones de espacios disponibles (construcci\u00f3n de bancas y mesas, instalaci\u00f3n de libreras), donar equipos de inform\u00e1tica, instalar software e impartir capacitaci\u00f3n en el uso adecuado de la tecnolog\u00eda y parental control .<\/p>\n<p>El proyecto de voluntariado corporativo de Samsung busca hacer un enlace entre Samsung y la comunidad, promover el desarrollo de habilidades de los colaboradores y generar un valor agregado en las personas que impactamos. La premisa est\u00e1 en disminuir la brecha tecnol\u00f3gica en la regi\u00f3n para que los j\u00f3venes puedan desarrollar sus capacidades y prosperar en un mundo cambiante. Todas las acciones suman, y el voluntariado Corporativo es vital para escalar el impacto de la tecnolog\u00eda.<\/p>\n<p>Las escuelas y las fechas en las que ser\u00e1n visitadas por los voluntarios azules de Samsung son las siguientes:<\/p>\n<p><strong>Martes 8 de octubre:<\/strong>\u00a0\u00a0\u00a0\u00a0\u00a0\u00a0\u00a0\u00a0\u00a0\u00a0\u00a0 EOUPV No. 32 Rep\u00fablica del Uruguay (Guatemala)<\/p>\n<p>Centro de Educaci\u00f3n B\u00e1sica Fuerzas Armadas (Honduras)<\/p>\n<p><strong>Mi\u00e9rcoles 9 de octubre:<\/strong> \u00a0\u00a0\u00a0\u00a0\u00a0 Escuela Ciudadela de Pavas (Costa Rica)<\/p>\n<p>Colegio Parroquial Sagrada Familia No 2 (Nicaragua)<\/p>\n<p><strong>Jueves 10 de octubre:<\/strong> \u00a0\u00a0\u00a0\u00a0\u00a0\u00a0\u00a0\u00a0 Unidad Educativa Luis Bonini Pino (Ecuador)<\/p>\n<p>Centro Escolar Caser\u00edo El Sauce (El Salvador)<\/p>\n<p>Centro Educativo Los Ram\u00edrez (Rep\u00fablica Dominicana)<\/p>\n<p><strong>S\u00e1bado 12 de octubre:<\/strong> \u00a0\u00a0\u00a0\u00a0\u00a0\u00a0\u00a0 Centro Educativo Estado de Libia (Panam\u00e1<\/p>\n<p><strong>Innovaci\u00f3n y solidaridad<\/strong><\/p>\n<p>Samsung Electronics Latinoam\u00e9rica, en alianza con Glasswing International, ha implementado programas de voluntariado en la regi\u00f3n desde octubre 2015, integrando a los pa\u00edses para identificar necesidades del \u00e1rea de voluntariado y encontrar estrategias de implementaci\u00f3n para beneficiar a la comunidad en actividades de innovaci\u00f3n y convivencia.<\/p>\n<p>Las actividades propuestas abarcan los Objetivos de Desarrollo Sostenible de las Naciones Unidas n\u00fameros 4, 5,8,9,10,17, que apuntan a construir infraestructuras resilientes, promover la industrializaci\u00f3n inclusiva y sostenible y fomentar la innovaci\u00f3n; y reducir la desigualdad en los pa\u00edses y entre ellos<\/p>\n<p>Cumplir con los ODS posiciona a Samsung a nivel regional como l\u00edder empresarial en el apoyo a la sociedad civil y el desarrollo integral de la comunidad.<\/p>\n<p>El programa <strong><em>\u201c<\/em><\/strong>Juntos por una Causa\u201d busca unificar los grupos de trabajo en cada pa\u00eds y en toda la regi\u00f3n con la finalidad de crear un sentido de solidaridad para garantizar la ejecuci\u00f3n de una causa, creado una sana competencia entre cada pa\u00eds, sentido de pertenencia, participaci\u00f3n de un mayor n\u00famero de colaboradores y el trabajo en equipo regional para alcanzar una meta a beneficio de la comunidad local de cada pa\u00eds.<\/p>\n<p>Por favor comparte tus comentarios en nuestras redes: Facebook <a href=\"https:\/\/www.facebook.com\/SamsungLatinoamerica\/\">Samsung Latinoam\u00e9rica<\/a>, Instagram <a href=\"https:\/\/www.instagram.com\/samsunglatin\/\">@SamsungLatin<\/a> y Twitter: <a href=\"https:\/\/twitter.com\/search?q=%40samsunglatin&amp;src=typd\">@SamsungLatin<\/a><\/p>\n<p>Para conocer m\u00e1s sobre la estrategia de Ciudadan\u00eda Corporativa visita:\u00a0<a href=\"https:\/\/www.samsung.com\/latin\/aboutsamsung\/sustainability\/corporate-citizenship\/strategy\/\">https:\/\/www.samsung.com\/latin\/aboutsamsung\/sustainability\/corporate-citizenship\/strategy\/<\/a><\/p>\n","protected":false},"excerpt":{"rendered":"<p>Octubre marca el inicio de las actividades globales de voluntariado de Samsung en todo el mundo. Entre el 8 y el 12 de octubre, un contingente de voluntarios de Samsung Electronics Latinoam\u00e9rica, junto con representantes de la ONG Glasswing International, tomar\u00e1n un grupo de planteles escolares de ocho pa\u00edses de la regi\u00f3n para desarrollar rincones [&hellip;]<\/p>\n","protected":false},"author":2,"featured_media":6681,"comment_status":"closed","ping_status":"open","sticky":false,"template":"","format":"standard","meta":[],"categories":[93,4875,2],"tags":[7748,2364],"wppr_data":[],"_links":{"self":[{"href":"https:\/\/www.notaoficial.com\/s\/wp-json\/wp\/v2\/posts\/6677"}],"collection":[{"href":"https:\/\/www.notaoficial.com\/s\/wp-json\/wp\/v2\/posts"}],"about":[{"href":"https:\/\/www.notaoficial.com\/s\/wp-json\/wp\/v2\/types\/post"}],"author":[{"embeddable":true,"href":"https:\/\/www.notaoficial.com\/s\/wp-json\/wp\/v2\/users\/2"}],"replies":[{"embeddable":true,"href":"https:\/\/www.notaoficial.com\/s\/wp-json\/wp\/v2\/comments?post=6677"}],"version-history":[{"count":1,"href":"https:\/\/www.notaoficial.com\/s\/wp-json\/wp\/v2\/posts\/6677\/revisions"}],"predecessor-version":[{"id":6682,"href":"https:\/\/www.notaoficial.com\/s\/wp-json\/wp\/v2\/posts\/6677\/revisions\/6682"}],"wp:featuredmedia":[{"embeddable":true,"href":"https:\/\/www.notaoficial.com\/s\/wp-json\/wp\/v2\/media\/6681"}],"wp:attachment":[{"href":"https:\/\/www.notaoficial.com\/s\/wp-json\/wp\/v2\/media?parent=6677"}],"wp:term":[{"taxonomy":"category","embeddable":true,"href":"https:\/\/www.notaoficial.com\/s\/wp-json\/wp\/v2\/categories?post=6677"},{"taxonomy":"post_tag","embeddable":true,"href":"https:\/\/www.notaoficial.com\/s\/wp-json\/wp\/v2\/tags?post=6677"}],"curies":[{"name":"wp","href":"https:\/\/api.w.org\/{rel}","templated":true}]}}