{"id":6764,"date":"2019-10-19T23:47:25","date_gmt":"2019-10-20T03:47:25","guid":{"rendered":"http:\/\/www.notaoficial.com\/s\/?p=6764"},"modified":"2019-10-19T15:49:16","modified_gmt":"2019-10-19T19:49:16","slug":"ana-isabel-dominguez-canta-a-sus-origenes-en-el-centro-cultural-bod","status":"publish","type":"post","link":"https:\/\/www.notaoficial.com\/s\/2019\/10\/19\/ana-isabel-dominguez-canta-a-sus-origenes-en-el-centro-cultural-bod\/","title":{"rendered":"Ana Isabel Dom\u00ednguez canta a sus or\u00edgenes en el Centro Cultural BOD"},"content":{"rendered":"<p>M\u00fasico en esencia, <b>Ana Isabel Dom\u00ednguez<\/b> se presenta el pr\u00f3ximo <b>20 de octubre<\/b>, a las <b>11:30 a.m.<\/b>, en la sala experimental del <b>Centro Cultural BOD<\/b> donde, en un concierto \u00edntimo, interpretar\u00e1 un repertorio que rinde homenaje a sus or\u00edgenes: los g\u00e9neros y tradiciones de su Falc\u00f3n natal, con ritmo del Zulia, tierra de sus ra\u00edces paternas.<\/p>\n<p>En <b><i>De Falc\u00f3n al Zulia<\/i><\/b>, el p\u00fablico escuchar\u00e1 temas de compositores\u00a0del occidente del pa\u00eds, \u00a0como el zuliano Rafael Rinc\u00f3n Gonz\u00e1lez, el vele\u00f1o Rafael S\u00e1nchez L\u00f3pez, el paraguanero Al\u00ed Primera, el caraque\u00f1o-vele\u00f1o Aquiles B\u00e1ez, Ana Cecilia Loyo y la propia Dom\u00ednguez, entre otros.<\/p>\n<p>M\u00e9dico de profesi\u00f3n, esta cantante y violinista formada en el sistema de orquestas, ha compartido escenario con figuras de la talla de Floria M\u00e1rquez, Betsayda Machado, Canelita y Trina Medina, Soledad Bravo y Cayito Aponte, entre otros.<\/p>\n<p>Integrante del grupo vocal Atapaima, con el que prepara el lanzamiento de su primer trabajo discogr\u00e1fico, y recientemente grab\u00f3 el \u00a0\u00e1lbum, <i>Relatos para guitarra y voz<\/i>, con Aquiles B\u00e1ez, quien con su guitarra y su cuatro la acompa\u00f1ar\u00e1 en esta presentaci\u00f3n, en la que tambi\u00e9n estar\u00e1n Carlos Rodr\u00edguez Falc\u00f3n, en el bajo, Williams Mora, en el clarinete, y Jorge Villarroel, en la percusi\u00f3n.<\/p>\n<p>De esta manera, se interpretar\u00e1n g\u00e9neros tradicionales falconianos, como d\u00e9cimas y salves, polo coriano, tambor coriano, valses y golpe serrano. Danzas, contradanzas, tamboreras y gaitas de tambora marcar\u00e1n la presencia zuliana en este concierto donde, adem\u00e1s de su voz, el el p\u00fablico disfrutar\u00e1 la versatilidad de la artista, quien tocar\u00e1 el viol\u00edn y la mandolina.<\/p>\n<p>Este concierto forma parte de la cuarta edici\u00f3n de\u00a0CANTORA, exitoso ciclo producido por el Centro Cultural BOD desde 2016 para mostrar el trabajo de sobresalientes vocalistas venezolanas que cultivan diversos estilos musicales.<\/p>\n<p>Este a\u00f1o, <b>CANTORA<\/b> re\u00fane ocho excelentes voces venezolanas: Marilyn Chirinos, Fabiola Jos\u00e9, Mariely Valero, Hana Kobayashi, Laura Strubinger, Liliana de Far\u00eda, Coral Lombana y la propia Dom\u00ednguez.<\/p>\n<p>Las entradas para <b><i>Ana Isabel Dom\u00ednguez: De Falc\u00f3n al Zulia \u00a0<\/i><\/b>est\u00e1n a la venta a trav\u00e9s del portal <a href=\"https:\/\/us18.mailchimp.com\/mctx\/click?url=http%3A%2F%2Fwww.ticketmundo.com%2F&amp;xid=48a481b185&amp;uid=97609885&amp;pool=&amp;subject=\" target=\"_blank\" rel=\"noopener\" data-saferedirecturl=\"https:\/\/www.google.com\/url?q=https:\/\/us18.mailchimp.com\/mctx\/click?url%3Dhttp%253A%252F%252Fwww.ticketmundo.com%252F%26xid%3D48a481b185%26uid%3D97609885%26pool%3D%26subject%3D&amp;source=gmail&amp;ust=1571600132190000&amp;usg=AFQjCNGJALBoMAdRI5B14SweRUW1mXYw3g\">www.ticketmundo.com<\/a> y en las taquillas del Centro Cultural BOD, en La Castellana, de lunes a domingo de 10:00 a.m. a 5:00 p.m. Mayor informaci\u00f3n en <a href=\"http:\/\/www.centroculturalbod.com\" target=\"_blank\" rel=\"noopener\" data-saferedirecturl=\"https:\/\/www.google.com\/url?q=http:\/\/www.centroculturalbod.com&amp;source=gmail&amp;ust=1571600132190000&amp;usg=AFQjCNHZ8npY7E0CmEtqCgqpIZmVM8YopA\">www.centroculturalbod.com<\/a> o por @cculturalbod en las diversas plataformas sociales.<\/p>\n","protected":false},"excerpt":{"rendered":"<p>M\u00fasico en esencia, Ana Isabel Dom\u00ednguez se presenta el pr\u00f3ximo 20 de octubre, a las 11:30 a.m., en la sala experimental del Centro Cultural BOD donde, en un concierto \u00edntimo, interpretar\u00e1 un repertorio que rinde homenaje a sus or\u00edgenes: los g\u00e9neros y tradiciones de su Falc\u00f3n natal, con ritmo del Zulia, tierra de sus ra\u00edces [&hellip;]<\/p>\n","protected":false},"author":2,"featured_media":6765,"comment_status":"closed","ping_status":"open","sticky":false,"template":"","format":"standard","meta":[],"categories":[463,2],"tags":[3498,3002,7808,7804,7806,7807,6691,7805,7803],"wppr_data":[],"_links":{"self":[{"href":"https:\/\/www.notaoficial.com\/s\/wp-json\/wp\/v2\/posts\/6764"}],"collection":[{"href":"https:\/\/www.notaoficial.com\/s\/wp-json\/wp\/v2\/posts"}],"about":[{"href":"https:\/\/www.notaoficial.com\/s\/wp-json\/wp\/v2\/types\/post"}],"author":[{"embeddable":true,"href":"https:\/\/www.notaoficial.com\/s\/wp-json\/wp\/v2\/users\/2"}],"replies":[{"embeddable":true,"href":"https:\/\/www.notaoficial.com\/s\/wp-json\/wp\/v2\/comments?post=6764"}],"version-history":[{"count":1,"href":"https:\/\/www.notaoficial.com\/s\/wp-json\/wp\/v2\/posts\/6764\/revisions"}],"predecessor-version":[{"id":6766,"href":"https:\/\/www.notaoficial.com\/s\/wp-json\/wp\/v2\/posts\/6764\/revisions\/6766"}],"wp:featuredmedia":[{"embeddable":true,"href":"https:\/\/www.notaoficial.com\/s\/wp-json\/wp\/v2\/media\/6765"}],"wp:attachment":[{"href":"https:\/\/www.notaoficial.com\/s\/wp-json\/wp\/v2\/media?parent=6764"}],"wp:term":[{"taxonomy":"category","embeddable":true,"href":"https:\/\/www.notaoficial.com\/s\/wp-json\/wp\/v2\/categories?post=6764"},{"taxonomy":"post_tag","embeddable":true,"href":"https:\/\/www.notaoficial.com\/s\/wp-json\/wp\/v2\/tags?post=6764"}],"curies":[{"name":"wp","href":"https:\/\/api.w.org\/{rel}","templated":true}]}}