{"id":6773,"date":"2019-10-21T03:18:36","date_gmt":"2019-10-21T07:18:36","guid":{"rendered":"http:\/\/www.notaoficial.com\/s\/?p=6773"},"modified":"2019-10-21T00:20:10","modified_gmt":"2019-10-21T04:20:10","slug":"soledad-bravo-se-reencuentra-con-el-publico-caraqueno","status":"publish","type":"post","link":"https:\/\/www.notaoficial.com\/s\/2019\/10\/21\/soledad-bravo-se-reencuentra-con-el-publico-caraqueno\/","title":{"rendered":"Soledad Bravo se reencuentra con el p\u00fablico caraque\u00f1o"},"content":{"rendered":"<div><strong>Soledad\u00a0Bravo<\/strong>, una la m\u00e1s representativas voces de Venezuela, regresa al\u00a0escenario el domingo \u00a03 de noviembre, a las 5:00 p.m., para\u00a0un concierto \u00edntimo en el Centro Cultural BOD: <strong>Canciones del Alma.<\/strong><\/p>\n<p>Nacida en Espa\u00f1a, tuvo que exiliarse a Venezuela, adonde lleg\u00f3 muy ni\u00f1a junto a los padres republicanos,. Esta condici\u00f3n de hija de emigrantes con un bagaje de sue\u00f1os y esperanzas dejados en su pueblo, configur\u00f3 su posici\u00f3n frente a la vida y la vocaci\u00f3n social que ha manifestado en su canto y poes\u00eda,\u00a0\u00a0en una carrera art\u00edstica resultado \u201cde mis anhelos, mis pulsiones y mi propia aventura personal\u201d, como ha dicho.<\/p>\n<p>A la proverbial versatilidad de esta gran artista, se unen dotes interpretativas que en su voz\u00a0-una de las m\u00e1s aclamadas del mundo de la m\u00fasica popular-, la justa y exacta versi\u00f3n para cualquier g\u00e9nero: boleros, tangos, trova, rancheras, sones y guarachas, as\u00ed como distintos g\u00e9neros del folklore venezolano o de cualquier pa\u00eds de Am\u00e9rica Latina y Espa\u00f1a.<\/p>\n<p>En este encuentro que ha preparado especialmente para Caracas, se pasear\u00e1 por sus m\u00e1s emblem\u00e1ticas interpretaciones en un recorrido fant\u00e1stico por el repertorio latinoamericano y de su amada Venezuela, acompa\u00f1ado por excepcionales m\u00fasicos Alberto Lazo, Nen\u00e9 Quintero y Carlos Rodr\u00edguez.<\/p>\n<p>Sin duda, ser\u00e1 una velada para la historia, \u00fanica e irrepetible, donde volver\u00e1 a cautivar a su\u00a0 fervoroso p\u00fablico, siempre \u00e1vido de verla en escena derrochando su encanto, su simpat\u00eda y su don de gran int\u00e9rprete popular.<\/p>\n<p>Las entradas para este espect\u00e1culo de Ventura Producciones\u00a0est\u00e1n a la venta\u00a0a trav\u00e9s del portal\u00a0<a href=\"https:\/\/twitter.us16.list-manage.com\/track\/click?u=2f7b9132bef1f79b6693e6570&amp;id=fea83707f3&amp;e=3d12a662da\" target=\"_blank\" rel=\"noopener\" data-saferedirecturl=\"https:\/\/www.google.com\/url?q=https:\/\/twitter.us16.list-manage.com\/track\/click?u%3D2f7b9132bef1f79b6693e6570%26id%3Dfea83707f3%26e%3D3d12a662da&amp;source=gmail&amp;ust=1571717503947000&amp;usg=AFQjCNFnmEnvU9GGYnRG1oe6-Hxg5DCd1Q\">www.ticketmundo.com<\/a>\u00a0y en las taquillas del Centro Cultural BOD, en La Castellana.<\/div>\n<div>\nM\u00e1s informaci\u00f3n en las redes sociales\u00a0 <strong>@soledadbravo531<\/strong>,\u00a0<strong>@<wbr \/>cculturalbod<\/strong> y <strong>@venturaproducciones<\/strong>.<\/div>\n","protected":false},"excerpt":{"rendered":"<p>Soledad\u00a0Bravo, una la m\u00e1s representativas voces de Venezuela, regresa al\u00a0escenario el domingo \u00a03 de noviembre, a las 5:00 p.m., para\u00a0un concierto \u00edntimo en el Centro Cultural BOD: Canciones del Alma. Nacida en Espa\u00f1a, tuvo que exiliarse a Venezuela, adonde lleg\u00f3 muy ni\u00f1a junto a los padres republicanos,. Esta condici\u00f3n de hija de emigrantes con un [&hellip;]<\/p>\n","protected":false},"author":2,"featured_media":6774,"comment_status":"closed","ping_status":"open","sticky":false,"template":"","format":"standard","meta":[],"categories":[463,2],"tags":[3010,3549,379,1843,7136],"wppr_data":[],"_links":{"self":[{"href":"https:\/\/www.notaoficial.com\/s\/wp-json\/wp\/v2\/posts\/6773"}],"collection":[{"href":"https:\/\/www.notaoficial.com\/s\/wp-json\/wp\/v2\/posts"}],"about":[{"href":"https:\/\/www.notaoficial.com\/s\/wp-json\/wp\/v2\/types\/post"}],"author":[{"embeddable":true,"href":"https:\/\/www.notaoficial.com\/s\/wp-json\/wp\/v2\/users\/2"}],"replies":[{"embeddable":true,"href":"https:\/\/www.notaoficial.com\/s\/wp-json\/wp\/v2\/comments?post=6773"}],"version-history":[{"count":1,"href":"https:\/\/www.notaoficial.com\/s\/wp-json\/wp\/v2\/posts\/6773\/revisions"}],"predecessor-version":[{"id":6775,"href":"https:\/\/www.notaoficial.com\/s\/wp-json\/wp\/v2\/posts\/6773\/revisions\/6775"}],"wp:featuredmedia":[{"embeddable":true,"href":"https:\/\/www.notaoficial.com\/s\/wp-json\/wp\/v2\/media\/6774"}],"wp:attachment":[{"href":"https:\/\/www.notaoficial.com\/s\/wp-json\/wp\/v2\/media?parent=6773"}],"wp:term":[{"taxonomy":"category","embeddable":true,"href":"https:\/\/www.notaoficial.com\/s\/wp-json\/wp\/v2\/categories?post=6773"},{"taxonomy":"post_tag","embeddable":true,"href":"https:\/\/www.notaoficial.com\/s\/wp-json\/wp\/v2\/tags?post=6773"}],"curies":[{"name":"wp","href":"https:\/\/api.w.org\/{rel}","templated":true}]}}