{"id":6785,"date":"2019-10-22T16:38:03","date_gmt":"2019-10-22T20:38:03","guid":{"rendered":"http:\/\/www.notaoficial.com\/s\/?p=6785"},"modified":"2019-10-22T10:42:51","modified_gmt":"2019-10-22T14:42:51","slug":"el-arte-cinetico-geometrico-de-munozuloaga-se-exhibe-en-la-caja-1-del-centro-cultural-chacao-2","status":"publish","type":"post","link":"https:\/\/www.notaoficial.com\/s\/2019\/10\/22\/el-arte-cinetico-geometrico-de-munozuloaga-se-exhibe-en-la-caja-1-del-centro-cultural-chacao-2\/","title":{"rendered":"El arte cin\u00e9tico geom\u00e9trico de Munozuloaga  se exhibe en La Caja 1 del Centro Cultural Chacao"},"content":{"rendered":"<p>Un conjunto de obras del artista venezolano Munozuloaga donde se combinan cinetismo y geometr\u00eda, conforman la exposici\u00f3n n\u00famero 100 del Centro Cultural Chacao, que bajo el t\u00edtulo <strong>\u201cKinetico 100\u201d<\/strong>, ser\u00e1 inaugurada el domingo 20 de octubre de 2019 a las 11 am, en La Caja 1, con la curadur\u00eda del Gabriel Guevara Jurado.<\/p>\n<p>Atra\u00eddo siempre por el arte cin\u00e9tico y la creaci\u00f3n de obras llenas de movimiento y color, Fernando Munozuloaga (Caracas, 1967) presenta en esta muestra los resultados de su m\u00e1s reciente investigaci\u00f3n en el campo del arte \u00f3ptico, \u201cconjugando elementos ortodoxos de la geometr\u00eda con el aporte de la tecnolog\u00eda en el dise\u00f1o para el desarrollo de cada proyecto pict\u00f3rico en la t\u00e9cnica cl\u00e1sica del pincel sobre el lienzo\u201d, de acuerdo al texto del curador que acompa\u00f1a la exposici\u00f3n.<\/p>\n<p>Seg\u00fan explica Guevara Jurado, la influencia de propuestas del arte \u00f3ptico y cin\u00e9tico de artistas como V\u00edctor Vasarely, Frank Stella, Jes\u00fas Soto y Josef Albers entre otros, han dado importantes visiones abstracto geom\u00e9tricas con aportes y regreso a l\u00edneas de investigaciones visuales, como el caso de la t\u00e9cnica pict\u00f3rica del Trompoleil, que busca\u00a0enga\u00f1ar a la vista mediante efectos \u00f3pticos\u00a0de tercera dimensi\u00f3n, logrados a trav\u00e9s de cambios de perspectiva, tama\u00f1o o sombreado que producen un\u00a0efecto de realismo\u00a0y cierta confusi\u00f3n \u00f3ptica a la vez.<\/p>\n<p>\u201cEstos mundos abstractos son referentes directos en la obra de Munozuloaga en su desarrollo art\u00edstico con investigaciones desde la l\u00ednea y el plano puro, la conformaci\u00f3n del efecto espacial en ruptura geom\u00e9trica conc\u00e9ntrica o de repetici\u00f3n m\u00faltiple\u201d, afirma el curador, \u201corganiza as\u00ed su propuesta art\u00edstica de la abstracci\u00f3n como concepto y po\u00e9tica de su trabajo&#8230;\u201d<\/p>\n<p>En su nueva muestra, <strong>\u201cKinetico 100\u201d<\/strong>, Munozuloaga exhibe una selecci\u00f3n de obras sobre lienzo, y un gran mural de 40 m2 titulado \u201cSerie Imposible\u201d, pintado en sitio, que ser\u00e1 donado a la Colecci\u00f3n de obras de arte del Centro Cultural Chacao en esta importante fecha de celebraci\u00f3n de las 100 exposiciones de la instituci\u00f3n.<\/p>\n<p>Para este proyecto, donde se refleja una fuerte influencia del azul como l\u00ednea de proceso crom\u00e1tico en cada una de las obras, es la primera vez que el artista \u201cutiliza la forma circular para sus composiciones generando un espacio visual con centro de perspectiva forzada que vibra de manera espec\u00edfica focalizando la visi\u00f3n en una fuga directa\u201d, seg\u00fan se\u00f1ala Guevara Jurado.<\/p>\n<p>Munozuloaga posee una trayectoria art\u00edstica de diez a\u00f1os, durante los cuales ha exhibido su trabajo en diversas colectivas e individuales, en museos y galer\u00edas de pa\u00edses como Venezuela, Francia, Estados Unidos, Costa Rica y Rep\u00fablica Dominicana. Se gradu\u00f3 en Dise\u00f1o Gr\u00e1fico en GretaTertiaire Dessinateur d&#8217; Execution en Publicite en Lyon, France (1996); y en el Instituto de Dise\u00f1o y Artes Aplicadas I.D.A en Caracas, Venezuela (1999). Actualmente reside en Francia.<\/p>\n<p>El p\u00fablico podr\u00e1 visitar su m\u00e1s reciente exposici\u00f3n <strong>\u201cKinetico 100\u201d<\/strong>, que se estar\u00e1 presentando del 20 de octubre al 17 de noviembre de 2019, en La Caja 1 del CCCH-Centro Cultural Chacao, ubicado en la Avenida Tamanaco de El Rosal, Caracas. El horario es de martes a viernes de 10 am a 2 pm, s\u00e1bados y domingos de 10 am a 5 pm. La entrada es libre.<\/p>\n<p>Para mayor informaci\u00f3n seguir las cuentas del Centro Cultural Chacao en twitter e instagram @cculturalchacao o del artista @munozuloaga en twitter e instagram<\/p>\n","protected":false},"excerpt":{"rendered":"<p>Un conjunto de obras del artista venezolano Munozuloaga donde se combinan cinetismo y geometr\u00eda, conforman la exposici\u00f3n n\u00famero 100 del Centro Cultural Chacao, que bajo el t\u00edtulo \u201cKinetico 100\u201d, ser\u00e1 inaugurada el domingo 20 de octubre de 2019 a las 11 am, en La Caja 1, con la curadur\u00eda del Gabriel Guevara Jurado. Atra\u00eddo siempre [&hellip;]<\/p>\n","protected":false},"author":2,"featured_media":6787,"comment_status":"closed","ping_status":"open","sticky":false,"template":"","format":"standard","meta":[],"categories":[146],"tags":[5587,7789,7790],"wppr_data":[],"_links":{"self":[{"href":"https:\/\/www.notaoficial.com\/s\/wp-json\/wp\/v2\/posts\/6785"}],"collection":[{"href":"https:\/\/www.notaoficial.com\/s\/wp-json\/wp\/v2\/posts"}],"about":[{"href":"https:\/\/www.notaoficial.com\/s\/wp-json\/wp\/v2\/types\/post"}],"author":[{"embeddable":true,"href":"https:\/\/www.notaoficial.com\/s\/wp-json\/wp\/v2\/users\/2"}],"replies":[{"embeddable":true,"href":"https:\/\/www.notaoficial.com\/s\/wp-json\/wp\/v2\/comments?post=6785"}],"version-history":[{"count":1,"href":"https:\/\/www.notaoficial.com\/s\/wp-json\/wp\/v2\/posts\/6785\/revisions"}],"predecessor-version":[{"id":6788,"href":"https:\/\/www.notaoficial.com\/s\/wp-json\/wp\/v2\/posts\/6785\/revisions\/6788"}],"wp:featuredmedia":[{"embeddable":true,"href":"https:\/\/www.notaoficial.com\/s\/wp-json\/wp\/v2\/media\/6787"}],"wp:attachment":[{"href":"https:\/\/www.notaoficial.com\/s\/wp-json\/wp\/v2\/media?parent=6785"}],"wp:term":[{"taxonomy":"category","embeddable":true,"href":"https:\/\/www.notaoficial.com\/s\/wp-json\/wp\/v2\/categories?post=6785"},{"taxonomy":"post_tag","embeddable":true,"href":"https:\/\/www.notaoficial.com\/s\/wp-json\/wp\/v2\/tags?post=6785"}],"curies":[{"name":"wp","href":"https:\/\/api.w.org\/{rel}","templated":true}]}}