{"id":6798,"date":"2019-10-23T15:40:37","date_gmt":"2019-10-23T19:40:37","guid":{"rendered":"http:\/\/www.notaoficial.com\/s\/?p=6798"},"modified":"2019-10-23T13:44:29","modified_gmt":"2019-10-23T17:44:29","slug":"los-dilemas-de-la-maternidad-subrogada-llegan-a-cinexart-en-la-noche-de-las-dos-lunas","status":"publish","type":"post","link":"https:\/\/www.notaoficial.com\/s\/2019\/10\/23\/los-dilemas-de-la-maternidad-subrogada-llegan-a-cinexart-en-la-noche-de-las-dos-lunas\/","title":{"rendered":"Los dilemas de la maternidad subrogada llegan a CinexArt en \u201cLa noche de las dos lunas\u201d"},"content":{"rendered":"<p>Este s\u00e1bado 26 de octubre <strong>CinexArt <\/strong>recibe al director <strong>Miguel Ferrari<\/strong>, ganador del Premio Goya a la Mejor Pel\u00edcula Iberoamericana por \u201cAzul y no tan rosa\u201d, con el cineforo de su m\u00e1s reciente film<strong> \u201cLa noche de las dos lunas\u201d.<\/strong> Una producci\u00f3n protagonizada por <strong>Prakriti Maduro, Mariaca Sempr\u00fan, Mar\u00eda Barranco, Luis Ger\u00f3nimo Abreu, Albi de Abreu<\/strong> y <strong>Juan Jes\u00fas Valverde<\/strong>, que presenta el dilema de la maternidad subrogada y sus consecuencias cuando por error la cl\u00ednica de fertilidad insemina a la mujer equivocada.<\/p>\n<p>\u00bfSe vale todo ante el deseo de ser madre? \u00bfQu\u00e9 har\u00edas si descubres que tu hijo no es realmente tuyo? conoce las respuestas a estas preguntas junto al periodista <strong>Humberto S\u00e1nchez Amaya<\/strong>,\u00a0 quien ser\u00e1 el encargado de moderar esta cita con el cine venezolano y un envidiable panel conformado por el director de la cinta <strong>Miguel Ferrari<\/strong>, la productora de cine <strong>Claudia Lepage<\/strong> y el cr\u00edtico <strong> Jorge Roig. <\/strong><\/p>\n<p>El largometraje, que fue filmado en Caracas, tiene como punto de partida el deseo de dos mujeres por convertirse en madres, pero todo cambia inesperadamente cuando una de ellas descubre que el beb\u00e9 que lleva en su vientre no tiene ninguna coincidencia gen\u00e9tica con ella. Sin importar las consecuencias decide seguir adelante, mientras que los padres biol\u00f3gicos inician una lucha para recuperar a su hijo.<\/p>\n<p>Este encuentro ser\u00e1 en la experimental ubicada en el piso 5 del Tol\u00f3n Fashion Mall, el pr\u00f3ximo s\u00e1bado 26 de octubre a las <strong>2:00 de la tarde.<\/strong> \u00a1Conoce toda la propuesta de entretenimiento que tenemos preparada para ti! S\u00edguenos en IG y Twitter <strong>@CinexArtVe.<\/strong><\/p>\n","protected":false},"excerpt":{"rendered":"<p>Este s\u00e1bado 26 de octubre CinexArt recibe al director Miguel Ferrari, ganador del Premio Goya a la Mejor Pel\u00edcula Iberoamericana por \u201cAzul y no tan rosa\u201d, con el cineforo de su m\u00e1s reciente film \u201cLa noche de las dos lunas\u201d. Una producci\u00f3n protagonizada por Prakriti Maduro, Mariaca Sempr\u00fan, Mar\u00eda Barranco, Luis Ger\u00f3nimo Abreu, Albi de [&hellip;]<\/p>\n","protected":false},"author":2,"featured_media":6799,"comment_status":"closed","ping_status":"open","sticky":false,"template":"","format":"standard","meta":[],"categories":[93,6879,2],"tags":[7796,4037,7836,7795,7835,1850,5160,7794],"wppr_data":[],"_links":{"self":[{"href":"https:\/\/www.notaoficial.com\/s\/wp-json\/wp\/v2\/posts\/6798"}],"collection":[{"href":"https:\/\/www.notaoficial.com\/s\/wp-json\/wp\/v2\/posts"}],"about":[{"href":"https:\/\/www.notaoficial.com\/s\/wp-json\/wp\/v2\/types\/post"}],"author":[{"embeddable":true,"href":"https:\/\/www.notaoficial.com\/s\/wp-json\/wp\/v2\/users\/2"}],"replies":[{"embeddable":true,"href":"https:\/\/www.notaoficial.com\/s\/wp-json\/wp\/v2\/comments?post=6798"}],"version-history":[{"count":1,"href":"https:\/\/www.notaoficial.com\/s\/wp-json\/wp\/v2\/posts\/6798\/revisions"}],"predecessor-version":[{"id":6800,"href":"https:\/\/www.notaoficial.com\/s\/wp-json\/wp\/v2\/posts\/6798\/revisions\/6800"}],"wp:featuredmedia":[{"embeddable":true,"href":"https:\/\/www.notaoficial.com\/s\/wp-json\/wp\/v2\/media\/6799"}],"wp:attachment":[{"href":"https:\/\/www.notaoficial.com\/s\/wp-json\/wp\/v2\/media?parent=6798"}],"wp:term":[{"taxonomy":"category","embeddable":true,"href":"https:\/\/www.notaoficial.com\/s\/wp-json\/wp\/v2\/categories?post=6798"},{"taxonomy":"post_tag","embeddable":true,"href":"https:\/\/www.notaoficial.com\/s\/wp-json\/wp\/v2\/tags?post=6798"}],"curies":[{"name":"wp","href":"https:\/\/api.w.org\/{rel}","templated":true}]}}