{"id":6837,"date":"2019-10-26T20:50:11","date_gmt":"2019-10-27T00:50:11","guid":{"rendered":"http:\/\/www.notaoficial.com\/s\/?p=6837"},"modified":"2019-10-26T08:54:08","modified_gmt":"2019-10-26T12:54:08","slug":"la-voz-de-mariely-valero-ilumina-el-centro-cultural-bod","status":"publish","type":"post","link":"https:\/\/www.notaoficial.com\/s\/2019\/10\/26\/la-voz-de-mariely-valero-ilumina-el-centro-cultural-bod\/","title":{"rendered":"La voz de Mariely Valero ilumina el Centro Cultural BOD"},"content":{"rendered":"<div><b>Mariely Valero<\/b>, una voz que brinda tributo a la divinidad del ser femenino, un cantar a las esferas que envuelven ese m\u00edstico centro, que emana ternura y sutileza, protecci\u00f3n y permanencia, firmeza, rebeld\u00eda, pasi\u00f3n, tristeza, entrega plena de s\u00ed, sensualidad, creaci\u00f3n constante en la \u00f3rbita de la vida. Y siendo mucho, siendo tanto, en esencia, es una.<\/div>\n<div>\nEsta oda a la feminidad est\u00e1 musicalmente concebida por\u00a0Valero, cantante que el <b>27 de octubre, a las 11:30 a.m.,<\/b> llenar\u00e1 de luz el Centro Cultural BOD con <b><i>Enarmon\u00eda de mujer<\/i><\/b>, concierto\u00a0que se enmarca en el ciclo CANTORA, que muestra el trabajo de vocalistas de alt\u00edsimo nivel en el espacio\u00a0<i>Domingos en la Experimental.<\/i><\/div>\n<div>\nCantante, animadora, locutora y comunicadora social, Valero emplea su voz como \u201cinstrumento generador de conciencia en pro de la vida, la mujer y las personas con discapacidad\u201d, como afirma.<\/div>\n<div>\nY es que, venciendo cualquier limitaci\u00f3n u obst\u00e1culo, esta artista trujillana ha transitado con \u00e9xitos los caminos de la m\u00fasica, desde la identidad cultural venezolana, utilizando nuestros ritmos y formas como base fundamental en cada tema, acompa\u00f1\u00e1ndolos con algunos matices de la m\u00fasica del mundo, para crear una sonoridad fresca y actual, con la que acariciar\u00a0y festejar el ser.<\/div>\n<div>\nSu camino por la m\u00fasica comienza desde muy ni\u00f1a su camino, de la mano del cultor Mario Papa\u00edto Brice\u00f1o, participando en diversos festivales infantiles. Fue ganadora de La Voz Nacional Universitaria representando a la Cat\u00f3lica Andr\u00e9s Bello.<\/div>\n<div>\nTambi\u00e9n fue ganadora de la tercera edici\u00f3n del reality show Camino a la Fama. Asimismo, result\u00f3 seleccionada para participar en la primera edici\u00f3n de Latin American Idol, celebrado en Argentina. Actualmente trabaja en su primer \u00e1lbum, cuyo repertorio mostrar\u00e1 en esta presentaci\u00f3n.<\/div>\n<div>\nIniciado en 2016, este a\u00f1o <b>CANTORA<\/b> re\u00fane ocho excelentes voces: Marilyn Chirinos, Fabiola Jos\u00e9, Ana Isabel Dom\u00ednguez, Liliana De Far\u00eda, Hana Kobayashi, Coral Lombana y Mariely Valero, protagonista de la cuarta fecha del ciclo.<\/div>\n<div><\/div>\n<div>Estar\u00e1 acompa\u00f1ada por <b>Arturo Soto<\/b>, en la guitarra; <b>Christian Sira<\/b>, en los teclados; <b>Yhonny Le\u00f3n<\/b>, en el cuatro; <b>Anderson Cordero<\/b>, en el bajo, y Leo Vargas, en la percusi\u00f3n, arreglos y direcci\u00f3n musical.<\/div>\n<div>\nLas entradas para <b><i>Mariely Valero. Enarmon\u00eda de mujer<\/i><\/b><i>,<b> \u00a0<\/b><\/i>est\u00e1n a la venta a trav\u00e9s del portal <a href=\"https:\/\/us18.mailchimp.com\/mctx\/click?url=http%3A%2F%2Fwww.ticketmundo.com%2F&amp;xid=fd4a875a0d&amp;uid=97609885&amp;pool=&amp;subject=\" target=\"_blank\" rel=\"noopener\" data-saferedirecturl=\"https:\/\/www.google.com\/url?q=https:\/\/us18.mailchimp.com\/mctx\/click?url%3Dhttp%253A%252F%252Fwww.ticketmundo.com%252F%26xid%3Dfd4a875a0d%26uid%3D97609885%26pool%3D%26subject%3D&amp;source=gmail&amp;ust=1572179338315000&amp;usg=AFQjCNHkPVmDxDTbQ6MOx6hDW7tTiQa2FQ\">www.ticketmundo.com<\/a> y en las taquillas del Centro Cultural BOD, en La Castellana, de lunes a domingo de 10:00 a.m. a 5:00 p.m. Mayor informaci\u00f3n en <a href=\"http:\/\/www.centroculturalbod.com\" target=\"_blank\" rel=\"noopener\" data-saferedirecturl=\"https:\/\/www.google.com\/url?q=http:\/\/www.centroculturalbod.com&amp;source=gmail&amp;ust=1572179338315000&amp;usg=AFQjCNEHOxeV557TuM9oAxomr8W6z1mMRA\">www.centroculturalbod.com<\/a> o por @cculturalbod en las diversas plataformas sociales.\n<\/div>\n<div><i>Sigue a la CANTORA por sus redes sociales:<\/i><br \/>\n<b>@mariely_valero<\/b><\/div>\n","protected":false},"excerpt":{"rendered":"<p>Mariely Valero, una voz que brinda tributo a la divinidad del ser femenino, un cantar a las esferas que envuelven ese m\u00edstico centro, que emana ternura y sutileza, protecci\u00f3n y permanencia, firmeza, rebeld\u00eda, pasi\u00f3n, tristeza, entrega plena de s\u00ed, sensualidad, creaci\u00f3n constante en la \u00f3rbita de la vida. Y siendo mucho, siendo tanto, en esencia, [&hellip;]<\/p>\n","protected":false},"author":2,"featured_media":6838,"comment_status":"closed","ping_status":"open","sticky":false,"template":"","format":"standard","meta":[],"categories":[463,2],"tags":[7891,7888,3002,379,7889,7805,7890],"wppr_data":[],"_links":{"self":[{"href":"https:\/\/www.notaoficial.com\/s\/wp-json\/wp\/v2\/posts\/6837"}],"collection":[{"href":"https:\/\/www.notaoficial.com\/s\/wp-json\/wp\/v2\/posts"}],"about":[{"href":"https:\/\/www.notaoficial.com\/s\/wp-json\/wp\/v2\/types\/post"}],"author":[{"embeddable":true,"href":"https:\/\/www.notaoficial.com\/s\/wp-json\/wp\/v2\/users\/2"}],"replies":[{"embeddable":true,"href":"https:\/\/www.notaoficial.com\/s\/wp-json\/wp\/v2\/comments?post=6837"}],"version-history":[{"count":1,"href":"https:\/\/www.notaoficial.com\/s\/wp-json\/wp\/v2\/posts\/6837\/revisions"}],"predecessor-version":[{"id":6839,"href":"https:\/\/www.notaoficial.com\/s\/wp-json\/wp\/v2\/posts\/6837\/revisions\/6839"}],"wp:featuredmedia":[{"embeddable":true,"href":"https:\/\/www.notaoficial.com\/s\/wp-json\/wp\/v2\/media\/6838"}],"wp:attachment":[{"href":"https:\/\/www.notaoficial.com\/s\/wp-json\/wp\/v2\/media?parent=6837"}],"wp:term":[{"taxonomy":"category","embeddable":true,"href":"https:\/\/www.notaoficial.com\/s\/wp-json\/wp\/v2\/categories?post=6837"},{"taxonomy":"post_tag","embeddable":true,"href":"https:\/\/www.notaoficial.com\/s\/wp-json\/wp\/v2\/tags?post=6837"}],"curies":[{"name":"wp","href":"https:\/\/api.w.org\/{rel}","templated":true}]}}