{"id":6858,"date":"2019-10-29T12:59:22","date_gmt":"2019-10-29T16:59:22","guid":{"rendered":"http:\/\/www.notaoficial.com\/s\/?p=6858"},"modified":"2019-10-29T11:03:53","modified_gmt":"2019-10-29T15:03:53","slug":"ilan-chester-ofrece-gran-concierto-gratuito-en-la-concha-acustica-de-bello-monte","status":"publish","type":"post","link":"https:\/\/www.notaoficial.com\/s\/2019\/10\/29\/ilan-chester-ofrece-gran-concierto-gratuito-en-la-concha-acustica-de-bello-monte\/","title":{"rendered":"Ilan Chester ofrece gran concierto gratuito  en la Concha Ac\u00fastica de Bello Monte"},"content":{"rendered":"<p>Luego de seis a\u00f1os de ausencia de los escenarios venezolanos, el m\u00fasico y cantautor Ilan Chester ofrecer\u00e1 un concierto gratuito en Caracas, el pr\u00f3ximo domingo 15 de diciembre de 2019 a las 5 pm, en la Concha Ac\u00fastica de Bello Monte, como parte de su gira \u00abIlan vuelve a casa\u00bb que se extender\u00e1 hasta 2020 e incluye presentaciones en diferentes ciudades del pa\u00eds.<\/p>\n<p>Presentado por iniciativa de la Alcald\u00eda de Baruta, bajo la producci\u00f3n de Alejandro Blanco-Uribe en colaboraci\u00f3n con Massimo Coletta, el concierto ofrecer\u00e1 un recorrido por los \u00e9xitos m\u00e1s importantes de Ilan a lo largo de sus 35 a\u00f1os de carrera musical, en un gran reencuentro afectivo entre el artista y sus seguidores.<\/p>\n<p>A trav\u00e9s de un show de alta factura, Ilan Chester se pasear\u00e1 por temas como \u201cMarea de la mar\u201d \u201cCanto al \u00c1vila\u201d, \u201cEres una en un mill\u00f3n\u201d, \u201cPor alguien como t\u00fa\u201d, \u201cSoledad\u201d, \u201cS\u00f3lo faltas t\u00fa\u201d y \u201cPalabras del alma\u201d, entre otros, acompa\u00f1ado de una banda de diez m\u00fasicos, con los arreglos y la producci\u00f3n musical de David Wilolo Pinto (guitarrista) y Giovanny Ram\u00edrez (bajista).<\/p>\n<p>\u201cEste concierto refleja un deseo muy intenso que vengo cultivando desde hace varios a\u00f1os. La relaci\u00f3n que se ha establecido a partir de mi m\u00fasica con tres generaciones de venezolanos, implica una responsabilidad que asumo con seriedad. Si bien mi carrera es el resultado de mi trabajo musical, es este fen\u00f3meno de afecto que se ha establecido entre mi persona y sobre todo con el p\u00fablico venezolano, lo que m\u00e1s atesoro. Lo he entendido como providencial\u201d, afirma el artista, ganador del Premio Grammy 2010 en la categoria de M\u00fasica Folkl\u00f3rica y del Premio Grammy 2017 otorgado por la academia de la m\u00fasica a la excelencia\u00a0musical (Lifetime Achievement Award).<\/p>\n<p>Residenciado en Estados Unidos, Ilan ha ofrecido conciertos durante los \u00faltimos a\u00f1os en diversas ciudades de Canad\u00e1, Espa\u00f1a y Estados Unidos, donde ha tenido la oportunidad de establecer encuentros con venezolanos que se encuentran en el exterior. Ahora, con su gira \u00abIlan vuelve a casa\u00bb, tendr\u00e1 la posibilidad de mantener contacto con el p\u00fablico de distintas ciudades de su pa\u00eds, como Caracas, Valencia, Maracay, Puerto La Cruz, entre otras.<\/p>\n<p>Asimismo, durante su estad\u00eda en Venezuela, compartir\u00e1 su pasi\u00f3n por el Yoga devocional y por la espiritualidad de la India que lo cautiv\u00f3 hace 46 a\u00f1os, y que desde entonces practica y asume como parte importante de su vida. Para ello generar\u00e1 encuentros, talleres y conferencias en todo el pa\u00eds con miras a orientar a las personas en torno al tema y compartir con ellas lo aprendido.<\/p>\n<p>\u201cEstudiaremos juntos los textos originales en Sanscrito contenidos en el Bhagavad Gita y el Srimad Bhagavatam. Entraremos en el tema de Dios, de la igualdad, la libertad y el amor. Estudiaremos la noci\u00f3n de los universos espirituales, de la vida y la muerte, de la reencarnaci\u00f3n y de la libertad de la ley del karma, a partir de la conexi\u00f3n con el yoga devocional y el canto de Mantras. El tema es serio. Es inteligente y progresista, y como actividad, por ser excelsa, se realiza de manera dichosa. Esa ha sido mi experiencia\u201d, se\u00f1ala el m\u00fasico.<\/p>\n<p>El p\u00fablico tendr\u00e1 la oportunidad de asistir al gran concierto de reencuentro con Ilan Chester, el 15 de diciembre a las 5 pm en la Concha Ac\u00fastica de Bello Monte, ubicada en la avenida Caurimare con calle Chaure, Colinas de Bello Monte, Caracas. La entrada es libre.<\/p>\n<p>Cabe destacar que previo a este concierto, Ilan Chester se presentar\u00e1 el 29 de noviembre en el Hotel Hesperia de Valencia, el 07 de diciembre en el Citobar de Maracay, y el 13 de diciembre en el Hotel Punta Palma en Lecher\u00eda.<\/p>\n<p>&nbsp;<\/p>\n","protected":false},"excerpt":{"rendered":"<p>Luego de seis a\u00f1os de ausencia de los escenarios venezolanos, el m\u00fasico y cantautor Ilan Chester ofrecer\u00e1 un concierto gratuito en Caracas, el pr\u00f3ximo domingo 15 de diciembre de 2019 a las 5 pm, en la Concha Ac\u00fastica de Bello Monte, como parte de su gira \u00abIlan vuelve a casa\u00bb que se extender\u00e1 hasta 2020 [&hellip;]<\/p>\n","protected":false},"author":2,"featured_media":6859,"comment_status":"closed","ping_status":"open","sticky":false,"template":"","format":"standard","meta":[],"categories":[463,2],"tags":[7911,7910,2502],"wppr_data":[],"_links":{"self":[{"href":"https:\/\/www.notaoficial.com\/s\/wp-json\/wp\/v2\/posts\/6858"}],"collection":[{"href":"https:\/\/www.notaoficial.com\/s\/wp-json\/wp\/v2\/posts"}],"about":[{"href":"https:\/\/www.notaoficial.com\/s\/wp-json\/wp\/v2\/types\/post"}],"author":[{"embeddable":true,"href":"https:\/\/www.notaoficial.com\/s\/wp-json\/wp\/v2\/users\/2"}],"replies":[{"embeddable":true,"href":"https:\/\/www.notaoficial.com\/s\/wp-json\/wp\/v2\/comments?post=6858"}],"version-history":[{"count":1,"href":"https:\/\/www.notaoficial.com\/s\/wp-json\/wp\/v2\/posts\/6858\/revisions"}],"predecessor-version":[{"id":6860,"href":"https:\/\/www.notaoficial.com\/s\/wp-json\/wp\/v2\/posts\/6858\/revisions\/6860"}],"wp:featuredmedia":[{"embeddable":true,"href":"https:\/\/www.notaoficial.com\/s\/wp-json\/wp\/v2\/media\/6859"}],"wp:attachment":[{"href":"https:\/\/www.notaoficial.com\/s\/wp-json\/wp\/v2\/media?parent=6858"}],"wp:term":[{"taxonomy":"category","embeddable":true,"href":"https:\/\/www.notaoficial.com\/s\/wp-json\/wp\/v2\/categories?post=6858"},{"taxonomy":"post_tag","embeddable":true,"href":"https:\/\/www.notaoficial.com\/s\/wp-json\/wp\/v2\/tags?post=6858"}],"curies":[{"name":"wp","href":"https:\/\/api.w.org\/{rel}","templated":true}]}}