{"id":6864,"date":"2019-10-29T19:12:26","date_gmt":"2019-10-29T23:12:26","guid":{"rendered":"http:\/\/www.notaoficial.com\/s\/?p=6864"},"modified":"2019-10-29T11:18:29","modified_gmt":"2019-10-29T15:18:29","slug":"la-invasion-el-panico-se-apoderara-de-ti","status":"publish","type":"post","link":"https:\/\/www.notaoficial.com\/s\/2019\/10\/29\/la-invasion-el-panico-se-apoderara-de-ti\/","title":{"rendered":"La Invasi\u00f3n\u201d, el p\u00e1nico se apoderar\u00e1 de ti"},"content":{"rendered":"<p>Inspirada en cintas de terror cl\u00e1sico y dirigida a un p\u00fablico m\u00e1s adolescente, llega \u201cLa Invasi\u00f3n\u201d, el nuevo estreno de Cines Unidos y Mundo de Pel\u00edcula, dirigido por John Murlowski, que nos trae un remake del film \u201c<em>Invasi\u00f3n de los ladrones de Cuerpos\u201d \u2013 1978<\/em>.<\/p>\n<p>Murlowski, considerado como uno de los grandes de la industria, est\u00e1 al frente de esta cinta independiente que aborda el tema de la \u201casimilaci\u00f3n\u201d como detonante dram\u00e1tico y audiovisual, en la que los espectadores reconocer\u00e1n el valor de un thriller bien contado, en im\u00e1genes que traducen sentimientos de p\u00e1nico y suspenso.<\/p>\n<p>Tres amigos, Zach (Joel Courtney), Randy (Calum Worthy) y Kayla (Andi Matichak), habitantes de un peque\u00f1o y aburrido pueblo de Estados Unidos, empiezan a notar comportamientos extra\u00f1os en sus vecinos, mientras intentan hacer una web-serie. Entidades extraterrestres han ca\u00eddo sobre la tierra, dando paso a lo inesperado.<\/p>\n<p>El casting repleto de talentos alternativos y emergentes del milenio, conformado por: Joel Courtney, Calum Worthy, Andi Matichak, Cam Gigandet, Mason McNulty, Terry Dale Parks y Vito Viscuso, supone un acierto para la puesta en escena.<\/p>\n<p>\u201cLa Invasi\u00f3n\u201d llegar\u00e1 a todas las salas de cine, en las principales ciudades del pa\u00eds, a partir del pr\u00f3ximo viernes 1\u00b0 de noviembre.<\/p>\n","protected":false},"excerpt":{"rendered":"<p>Inspirada en cintas de terror cl\u00e1sico y dirigida a un p\u00fablico m\u00e1s adolescente, llega \u201cLa Invasi\u00f3n\u201d, el nuevo estreno de Cines Unidos y Mundo de Pel\u00edcula, dirigido por John Murlowski, que nos trae un remake del film \u201cInvasi\u00f3n de los ladrones de Cuerpos\u201d \u2013 1978. Murlowski, considerado como uno de los grandes de la industria, [&hellip;]<\/p>\n","protected":false},"author":2,"featured_media":6865,"comment_status":"closed","ping_status":"open","sticky":false,"template":"","format":"standard","meta":[],"categories":[4747,93,2],"tags":[7916,7915,7918,4770,7917,7914,7919,7920,7921],"wppr_data":[],"_links":{"self":[{"href":"https:\/\/www.notaoficial.com\/s\/wp-json\/wp\/v2\/posts\/6864"}],"collection":[{"href":"https:\/\/www.notaoficial.com\/s\/wp-json\/wp\/v2\/posts"}],"about":[{"href":"https:\/\/www.notaoficial.com\/s\/wp-json\/wp\/v2\/types\/post"}],"author":[{"embeddable":true,"href":"https:\/\/www.notaoficial.com\/s\/wp-json\/wp\/v2\/users\/2"}],"replies":[{"embeddable":true,"href":"https:\/\/www.notaoficial.com\/s\/wp-json\/wp\/v2\/comments?post=6864"}],"version-history":[{"count":1,"href":"https:\/\/www.notaoficial.com\/s\/wp-json\/wp\/v2\/posts\/6864\/revisions"}],"predecessor-version":[{"id":6866,"href":"https:\/\/www.notaoficial.com\/s\/wp-json\/wp\/v2\/posts\/6864\/revisions\/6866"}],"wp:featuredmedia":[{"embeddable":true,"href":"https:\/\/www.notaoficial.com\/s\/wp-json\/wp\/v2\/media\/6865"}],"wp:attachment":[{"href":"https:\/\/www.notaoficial.com\/s\/wp-json\/wp\/v2\/media?parent=6864"}],"wp:term":[{"taxonomy":"category","embeddable":true,"href":"https:\/\/www.notaoficial.com\/s\/wp-json\/wp\/v2\/categories?post=6864"},{"taxonomy":"post_tag","embeddable":true,"href":"https:\/\/www.notaoficial.com\/s\/wp-json\/wp\/v2\/tags?post=6864"}],"curies":[{"name":"wp","href":"https:\/\/api.w.org\/{rel}","templated":true}]}}