{"id":6888,"date":"2019-11-01T09:54:39","date_gmt":"2019-11-01T13:54:39","guid":{"rendered":"http:\/\/www.notaoficial.com\/s\/?p=6888"},"modified":"2019-11-01T08:03:49","modified_gmt":"2019-11-01T12:03:49","slug":"un-documental-contara-la-historia-del-teatro-venezolano-con-acento-italiano","status":"publish","type":"post","link":"https:\/\/www.notaoficial.com\/s\/2019\/11\/01\/un-documental-contara-la-historia-del-teatro-venezolano-con-acento-italiano\/","title":{"rendered":"Un documental contar\u00e1 la historia del teatro venezolano con acento italiano"},"content":{"rendered":"<p>La historia del teatro venezolano se contar\u00e1 en un nuevo cap\u00edtulo el pr\u00f3ximo\u00a0<strong>mi\u00e9rcoles 30 de octubre, a las 3:00 pm, en el Trasnocho Cultural,\u00a0<\/strong>cuando se estrene un documental que recoger\u00e1 los testimonios de m\u00e1s de<strong>\u00a030 artistas de ascendencia italiana que han ayudado a construir Venezuela desde las tablas, como un homenaje a todos los descendientes de la tierra de Dante que han sobresalido en la escena nacional. \u00a0<\/strong><\/p>\n<p>El estreno del documental no podr\u00eda ser m\u00e1s oportuno, junto a una versi\u00f3n restaurada de\u00a0<strong><em>Cinema Paradiso<\/em><\/strong>, el cl\u00e1sico de Giuseppe Tornatore, y como punto y final de la programaci\u00f3n de la\u00a0<strong>XIX Semana de la Lengua Italiana en el Mundo<\/strong>, que este a\u00f1o tiene como tema:\u00a0<strong>El italiano sobre el escenario.<\/strong><\/p>\n<p>El documental, que se encuentra en postproducci\u00f3n, es una idea original de\u00a0<strong>Luigi Sciamanna<\/strong>, bajo la direcci\u00f3n de\u00a0<strong>Alfredo S\u00e1nchez y Tulio Cavalli,<\/strong>\u00a0con el apoyo en la producci\u00f3n ejecutiva de\u00a0<strong>Alfredo D\u00b4 Ambrosio<\/strong>\u00a0y el respaldo de la\u00a0<strong>Embajada de Italia\u00a0<\/strong>y el\u00a0<strong>Instituto Italiano de Cultura de Caracas.<\/strong><\/p>\n<p>La producci\u00f3n se rueda contra reloj para su estreno y es el resultado de una \u201cgran coincidencia\u201d entre los directores de teatro\u00a0<strong>Tulio Cavalli y Luigi Sciamanna<\/strong>, quienes aspiraban \u201cdesde hace tiempo\u201d reunir a artistas de ascendencia italiana y que fueran preferiblemente del teatro. As\u00ed, Sciamanna expuso la idea ante la\u00a0<strong>Embajada de Italia,<\/strong>\u00a0que recibi\u00f3 con especial inter\u00e9s la propuesta por el lema que tiene este a\u00f1o la\u00a0<strong>XIX Semana de la Lengua Italiana en el Mundo.<\/strong><\/p>\n<p><strong>Cavalli y Sciamanna unieron sus esfuerzos para investigar y contactar a personajes del medio teatral vinculados con Italia.<\/strong>\u00a0De esa indagaci\u00f3n, encontraron que, entre artistas vivos, fallecidos y los que se han mudado del pa\u00eds, hay un grupo de m\u00e1s de 60 \u00edtalo-venezolanos que han trabajado recientemente o trabajan en la escena teatral venezolana.<\/p>\n<p>La filmaci\u00f3n del documental sucedi\u00f3 durante un encuentro de estos artistas que Cavalli y Sciamanna lograron contactar y reunir en el Ateneo de Caracas, una instituci\u00f3n simb\u00f3lica para la producci\u00f3n, porque en el pasado acogi\u00f3 en sus espacios a visitantes e inmigrantes con sus diversos movimientos art\u00edsticos.<\/p>\n<p>El registro audiovisual se hizo durante todo un d\u00eda y permiti\u00f3 recoger los testimonios de m\u00e1s de 30 figuras del teatro entre las que se encuentran\u00a0<strong>Dora Mazzone, Miguel Ferrari, Milvia Piazza, Antonio Delli, Julie Restifo, Gerardo Luongo, Antonio Constante, Mario Sudano, Gioia Lombardini,<\/strong>\u00a0entre otros. Tambi\u00e9n sirvi\u00f3 para recordar a personajes como\u00a0<strong>Umberto Buonocuore, Alma Ingianni o Roberto Lamarca<\/strong>\u00a0que ya no se encuentran en este plano f\u00edsico.\u00a0Cada uno de los participantes ofrece su voz sincera sobre la vida que cabalga entre las culturas italiana y venezolana.<\/p>\n<p>De acuerdo con\u00a0<strong>Tulio Cavalli<\/strong>,<strong>\u00a0\u201cel italiano tiene una sensibilidad por las artes en el ADN y eso es algo que compartimos todos los que estamos en el video,<\/strong>\u00a0as\u00ed como nuestro amor por el teatro. Hay mucha nostalgia en cada uno de nosotros, porque somos muy pocos los que hemos podido desarrollar nuestra vida en Italia, que es una parte importante de nuestra vida cultural, pero suele ser ocasional o no la conocemos porque vivimos en Venezuela. Hablamos italiano, te sientes italiano, comes italiano pero no est\u00e1s en ese pa\u00eds, eso es algo en com\u00fan. Y Venezuela es algo que sentimos y vivimos en com\u00fan, por su generosidad de recepci\u00f3n a los extranjeros\u201d.<\/p>\n<p><strong>\u201cM\u00e1s que contar una historia, el documental quiere hacer una rese\u00f1a hist\u00f3rica, un poco para certificar el tr\u00e1nsito, nuestra presencia en este pa\u00eds\u201d<\/strong>, a\u00f1adi\u00f3 Cavalli.<\/p>\n<p><strong>Luigi Sciamanna<\/strong>\u00a0y el director del documental,\u00a0<strong>Alfredo S\u00e1nchez,<\/strong>\u00a0coinciden en la importancia de rese\u00f1ar la historia contempor\u00e1nea del teatro venezolano y \u201cen particular, la de una comunidad como la italiana, que ha aportado tanto al desarrollo de las artes en general y del teatro en particular desde hace varias generaciones.\u00a0<strong>Hay una gran cantidad de artistas en la escena nacional que son de origen italiano y era necesario tomar el testimonio de esta gente\u201d.<\/strong><\/p>\n<p>S\u00e1nchez espera que el producto final sea un mediometraje, con las voces de artistas nacidos en Italia, venezolanos con padres italianos de primera o segunda generaci\u00f3n: \u201cDe esa diversidad trata este documental, de los aportes que han dado al teatro venezolano y ofrecer una mirada al futuro\u201d.<\/p>\n<p><strong>Alfredo D\u00b4Ambrosio,<\/strong>\u00a0quien apoya como productor ejecutivo, cree que el audiovisual va a resultar \u201cmuy simp\u00e1tico, porque los personajes tienen mucha chispa, tienen muchos cuentos y va a ser muy emotivo. El italiano que ha vivido afuera, al de segunda o tercera generaci\u00f3n, le queda Italia en el coraz\u00f3n\u201d.<\/p>\n<p>El estreno del documental en homenaje a los artistas \u00edtalo-venezolanos en el teatro y la\u00a0<strong>proyecci\u00f3n de\u00a0<em>Cinema Paradiso<\/em>,<\/strong>\u00a0ser\u00e1 una funci\u00f3n especial en el contexto del tercer aniversario de\u00a0<strong>\u201cCl\u00e1sicos Trasnocho\u201d<\/strong>. La introducci\u00f3n estar\u00e1 a cargo del cr\u00edtico director general de Cinematogr\u00e1fica Blancica y director de programaci\u00f3n de Trasnocho Cultural,\u00a0<strong>Jos\u00e9 Pisano,\u00a0<\/strong>junto al actor, director y dramaturgo\u00a0<strong>Luigi Sciamanna.<\/strong><\/p>\n","protected":false},"excerpt":{"rendered":"<p>La historia del teatro venezolano se contar\u00e1 en un nuevo cap\u00edtulo el pr\u00f3ximo\u00a0mi\u00e9rcoles 30 de octubre, a las 3:00 pm, en el Trasnocho Cultural,\u00a0cuando se estrene un documental que recoger\u00e1 los testimonios de m\u00e1s de\u00a030 artistas de ascendencia italiana que han ayudado a construir Venezuela desde las tablas, como un homenaje a todos los descendientes [&hellip;]<\/p>\n","protected":false},"author":2,"featured_media":6889,"comment_status":"closed","ping_status":"open","sticky":false,"template":"","format":"standard","meta":[],"categories":[463,2],"tags":[7943,7941,1149,229,2799,7942],"wppr_data":[],"_links":{"self":[{"href":"https:\/\/www.notaoficial.com\/s\/wp-json\/wp\/v2\/posts\/6888"}],"collection":[{"href":"https:\/\/www.notaoficial.com\/s\/wp-json\/wp\/v2\/posts"}],"about":[{"href":"https:\/\/www.notaoficial.com\/s\/wp-json\/wp\/v2\/types\/post"}],"author":[{"embeddable":true,"href":"https:\/\/www.notaoficial.com\/s\/wp-json\/wp\/v2\/users\/2"}],"replies":[{"embeddable":true,"href":"https:\/\/www.notaoficial.com\/s\/wp-json\/wp\/v2\/comments?post=6888"}],"version-history":[{"count":1,"href":"https:\/\/www.notaoficial.com\/s\/wp-json\/wp\/v2\/posts\/6888\/revisions"}],"predecessor-version":[{"id":6890,"href":"https:\/\/www.notaoficial.com\/s\/wp-json\/wp\/v2\/posts\/6888\/revisions\/6890"}],"wp:featuredmedia":[{"embeddable":true,"href":"https:\/\/www.notaoficial.com\/s\/wp-json\/wp\/v2\/media\/6889"}],"wp:attachment":[{"href":"https:\/\/www.notaoficial.com\/s\/wp-json\/wp\/v2\/media?parent=6888"}],"wp:term":[{"taxonomy":"category","embeddable":true,"href":"https:\/\/www.notaoficial.com\/s\/wp-json\/wp\/v2\/categories?post=6888"},{"taxonomy":"post_tag","embeddable":true,"href":"https:\/\/www.notaoficial.com\/s\/wp-json\/wp\/v2\/tags?post=6888"}],"curies":[{"name":"wp","href":"https:\/\/api.w.org\/{rel}","templated":true}]}}