{"id":6913,"date":"2019-11-05T20:25:39","date_gmt":"2019-11-06T00:25:39","guid":{"rendered":"http:\/\/www.notaoficial.com\/s\/?p=6913"},"modified":"2019-11-05T15:27:22","modified_gmt":"2019-11-05T19:27:22","slug":"belkys-hauayek-dicta-taller-de-reiki","status":"publish","type":"post","link":"https:\/\/www.notaoficial.com\/s\/2019\/11\/05\/belkys-hauayek-dicta-taller-de-reiki\/","title":{"rendered":"Belkys Hauayek dicta taller de reiki"},"content":{"rendered":"<p>El pr\u00f3ximo s\u00e1bado 9 de noviembre de 2019 , la maestra Belkys Hauayek dictar\u00e1 un taller de Reiki nivel I, de 9:00 am a 5:00 pm, en La Asunci\u00f3n, al lado del Colegio N\u00e1utico. El taller brindar\u00e1 a los participantes herramientas para equilibrar sus emociones y pensamientos, trabajar en su propia sanaci\u00f3n y construir la vida que desean.<\/p>\n<p>Hauayek, tiene una larga y reconocida trayectoria en el campo hol\u00edstico, brindando consultas, tratamientos y talleres de lo aprendido durante tantos a\u00f1os. \u201cLas aplicaciones pr\u00e1cticas de llevar la energ\u00eda del Reiki a todo lo que puedes tocar, van desde alivio de dolores y malestares f\u00edsicos; tanto para uno mismo, como para otras personas o animales, la potenciaci\u00f3n y limpieza energ\u00e9tica de los alimentos, del agua de las medicinas, etc\u00e9tera. As\u00ed como el equilibrio de las emociones, a\u00fan en ambientes y per\u00edodos estresantes, la conexi\u00f3n con tu parte m\u00e1s elevada y poderosa y el contacto con tu maestro interno o yo Superior\u201d, se\u00f1al\u00f3.<\/p>\n<p>Belkys Hauayek, ha trabajado desde los 14 a\u00f1os en su propio crecimiento personal con t\u00e9cnicas de autoconocimiento y autoayuda como la Sofrolog\u00eda y la Sofropedagog\u00eda bajo la gu\u00eda del Dr. Jos\u00e9 Antonio Chalbaud Troconis. Estudi\u00f3 con Feibert y con Maytee P\u00e9rez, los conocimientos en el \u00e1rea de la f\u00edsica cu\u00e1ntica y cuerpos sutiles. Vivi\u00f3 en Italia durante 20 a\u00f1os y desde 2007 reside en Venezuela, su pa\u00eds natal. Ha dictado talleres y ofrecido consultas en diferentes ciudades de Italia, Venezuela y a trav\u00e9s de internet a diferentes lugares del mundo. Desde el a\u00f1o 1995 conoce y emplea las Esencias Florales del Dr Bach, Esencias Californianas, y las Orqu\u00eddeas del Amazonas, como t\u00e9cnica de equilibrio emocional y mental.<\/p>\n<p>Igualmente cuenta con Maestr\u00edas de Reiki en varios sistemas, entre ellos: Usui Tibetano, Karuna, Egipcio, Kuan Yin, Teramai, etc, Master de Magnified Healing, es practicante de Terapia de Respuesta Espiritual de Robert Dezler, creadora del Taller Construyendo mi BienEstar, creadora de la Terapia Sonora \u201cEcos de Luz\u201d, practicante del Chi Kung del Perfume y desde el a\u00f1o 2014 practica y ense\u00f1a la Perspectiva Universal del Desdoblamiento del Tiempo, basada en las inspiraciones de Alejandra Casado.<br \/>\nPara m\u00e1s informaci\u00f3n e inscripciones, llamar al 04269873788 o al 04123535372<\/p>\n","protected":false},"excerpt":{"rendered":"<p>El pr\u00f3ximo s\u00e1bado 9 de noviembre de 2019 , la maestra Belkys Hauayek dictar\u00e1 un taller de Reiki nivel I, de 9:00 am a 5:00 pm, en La Asunci\u00f3n, al lado del Colegio N\u00e1utico. El taller brindar\u00e1 a los participantes herramientas para equilibrar sus emociones y pensamientos, trabajar en su propia sanaci\u00f3n y construir la [&hellip;]<\/p>\n","protected":false},"author":2,"featured_media":6914,"comment_status":"closed","ping_status":"open","sticky":false,"template":"","format":"standard","meta":[],"categories":[463,2],"tags":[7953,7954],"wppr_data":[],"_links":{"self":[{"href":"https:\/\/www.notaoficial.com\/s\/wp-json\/wp\/v2\/posts\/6913"}],"collection":[{"href":"https:\/\/www.notaoficial.com\/s\/wp-json\/wp\/v2\/posts"}],"about":[{"href":"https:\/\/www.notaoficial.com\/s\/wp-json\/wp\/v2\/types\/post"}],"author":[{"embeddable":true,"href":"https:\/\/www.notaoficial.com\/s\/wp-json\/wp\/v2\/users\/2"}],"replies":[{"embeddable":true,"href":"https:\/\/www.notaoficial.com\/s\/wp-json\/wp\/v2\/comments?post=6913"}],"version-history":[{"count":1,"href":"https:\/\/www.notaoficial.com\/s\/wp-json\/wp\/v2\/posts\/6913\/revisions"}],"predecessor-version":[{"id":6915,"href":"https:\/\/www.notaoficial.com\/s\/wp-json\/wp\/v2\/posts\/6913\/revisions\/6915"}],"wp:featuredmedia":[{"embeddable":true,"href":"https:\/\/www.notaoficial.com\/s\/wp-json\/wp\/v2\/media\/6914"}],"wp:attachment":[{"href":"https:\/\/www.notaoficial.com\/s\/wp-json\/wp\/v2\/media?parent=6913"}],"wp:term":[{"taxonomy":"category","embeddable":true,"href":"https:\/\/www.notaoficial.com\/s\/wp-json\/wp\/v2\/categories?post=6913"},{"taxonomy":"post_tag","embeddable":true,"href":"https:\/\/www.notaoficial.com\/s\/wp-json\/wp\/v2\/tags?post=6913"}],"curies":[{"name":"wp","href":"https:\/\/api.w.org\/{rel}","templated":true}]}}