{"id":6935,"date":"2019-11-08T11:12:23","date_gmt":"2019-11-08T15:12:23","guid":{"rendered":"http:\/\/www.notaoficial.com\/s\/?p=6935"},"modified":"2019-11-08T08:14:59","modified_gmt":"2019-11-08T12:14:59","slug":"el-venezolano-allan-carnevale-es-nominado-nuevamente-al-emmy","status":"publish","type":"post","link":"https:\/\/www.notaoficial.com\/s\/2019\/11\/08\/el-venezolano-allan-carnevale-es-nominado-nuevamente-al-emmy\/","title":{"rendered":"El venezolano Allan Carnevale es nominado nuevamente al Emmy"},"content":{"rendered":"<p>El joven compositor caraque\u00f1o Allan Carnevale nuevamente es nominado a los premios Emmy, cuya ceremonia tendr\u00e1 lugar el 14 de diciembre de este a\u00f1o, en la categor\u00eda \u201cMejor Composici\u00f3n Musical o Arreglo\u201d (Musical Composition\/Arrengement), por su trabajo con la obra <strong><em>Join the Ride<\/em><\/strong>, que se traduce como <strong><em>\u00danete a la Carrera<\/em><\/strong>. El t\u00edtulo hace alusi\u00f3n a la carrera de bicicletas Dolphins Cancer Challenge (DDC), auspiciada por el equipo de f\u00fatbol americano Dolphins de Miami con el prop\u00f3sito de recolectar fondos para la investigaci\u00f3n del c\u00e1ncer, por lo que de esta forma el venezolano tambi\u00e9n est\u00e1 involucrado en la noble causa de combatir la enfermedad.<\/p>\n<p>\u201cEl objetivo principal de este video era promover la participaci\u00f3n en el Dolphins Cancer Challenge y apoyar una iniciativa tan importante como lo es desarrollar una cura contra el c\u00e1ncer. Lastimosamente, la mayor\u00eda de las personas han estado directa o indirectamente en contacto con esta terrible enfermedad. Personalmente, he vivido de cerca algunos casos y eso me motiv\u00f3 a\u00fan m\u00e1s a componer. Por fortuna, mi primo Rafael la afront\u00f3 y prevaleci\u00f3, pero no todos tienen esa gran suerte, como es el caso de una de las mejores amigas de mi madre, Lorena, quien falleci\u00f3 tras librar una larga batalla\u201d, destac\u00f3 Allan Carnevale.<\/p>\n<p>El proceso de nominaci\u00f3n de los Emmy (The National Academy of Television Arts &amp; Sciences \/ La\u00a0 Academia Nacional de Televisi\u00f3n, Artes y Ciencia) comienza cuando el aplicante somete a consideraci\u00f3n su mejor trabajo que haya sido transmitido en\u00a0alg\u00fan medio televisivo o por internet. Luego, profesionales en la industria musical y de la televisi\u00f3n votan por las mejores obras teniendo en cuenta una serie de par\u00e1metros y el objetivo de la pieza aplicada al video para la que se compuso. Finalmente, de entre todos los proyectos se escogen los nominados. Este a\u00f1o, el venezolano, gracias a su talento logr\u00f3 quedar entre los 5 candidatos de la categor\u00eda.<\/p>\n<p>Allan Carnevale se dio a conocer a muy temprana edad en el Festival Nuevas Bandas 2008 como guitarrista de la banda Agonia y luego como finalista del Sibelius Fest 2010. Ahora es un consagrado compositor del mundo comercial. En cuando al estilo musical de <strong><em>Join the Ride<\/em><\/strong>, explic\u00f3 que se trata de \u201cm\u00fasica orquestal con un toque cinematogr\u00e1fico. B\u00e1sicamente la pieza se puede reducir a un gran crescendo liderado por una melod\u00eda de piano y cello que luego crece hasta tener una orquesta completa realzando la melod\u00eda principal. A nivel de composici\u00f3n esta pieza ha sido una de las m\u00e1s emotivas y complicadas que he tenido que crear, sobre todo por el manejo de las emociones\u201d.<\/p>\n<p>\u201cMis expectativas son grandes. \u00a1Quiero ganar y dejar el nombre de Venezuela en alto! Fue una gran sorpresa encontrarme entre los nominados de la categor\u00eda y estoy sumamente contento de haber logrado una segunda nominaci\u00f3n a unos premios de tanta importancia. No puedo esperar a conocer a los otros nominados y conocer sus historias de la m\u00fasica, que al final es lo que nos une a todos. En cuanto a mi obra, quer\u00eda hacer vivir al espectador un sentimiento de shock, melancol\u00eda y tristeza que evolucionara a una\u00a0sensaci\u00f3n de esperanza, como si se tratase de alguien que es diagnosticado de c\u00e1ncer pero que luego lo logra vencer y as\u00ed impulsarlo a participar\u00a0en la carrera del DCC\u201d, agreg\u00f3.<\/p>\n","protected":false},"excerpt":{"rendered":"<p>El joven compositor caraque\u00f1o Allan Carnevale nuevamente es nominado a los premios Emmy, cuya ceremonia tendr\u00e1 lugar el 14 de diciembre de este a\u00f1o, en la categor\u00eda \u201cMejor Composici\u00f3n Musical o Arreglo\u201d (Musical Composition\/Arrengement), por su trabajo con la obra Join the Ride, que se traduce como \u00danete a la Carrera. El t\u00edtulo hace alusi\u00f3n [&hellip;]<\/p>\n","protected":false},"author":2,"featured_media":6936,"comment_status":"closed","ping_status":"open","sticky":false,"template":"","format":"standard","meta":[],"categories":[463,2],"tags":[7968,7969],"wppr_data":[],"_links":{"self":[{"href":"https:\/\/www.notaoficial.com\/s\/wp-json\/wp\/v2\/posts\/6935"}],"collection":[{"href":"https:\/\/www.notaoficial.com\/s\/wp-json\/wp\/v2\/posts"}],"about":[{"href":"https:\/\/www.notaoficial.com\/s\/wp-json\/wp\/v2\/types\/post"}],"author":[{"embeddable":true,"href":"https:\/\/www.notaoficial.com\/s\/wp-json\/wp\/v2\/users\/2"}],"replies":[{"embeddable":true,"href":"https:\/\/www.notaoficial.com\/s\/wp-json\/wp\/v2\/comments?post=6935"}],"version-history":[{"count":1,"href":"https:\/\/www.notaoficial.com\/s\/wp-json\/wp\/v2\/posts\/6935\/revisions"}],"predecessor-version":[{"id":6937,"href":"https:\/\/www.notaoficial.com\/s\/wp-json\/wp\/v2\/posts\/6935\/revisions\/6937"}],"wp:featuredmedia":[{"embeddable":true,"href":"https:\/\/www.notaoficial.com\/s\/wp-json\/wp\/v2\/media\/6936"}],"wp:attachment":[{"href":"https:\/\/www.notaoficial.com\/s\/wp-json\/wp\/v2\/media?parent=6935"}],"wp:term":[{"taxonomy":"category","embeddable":true,"href":"https:\/\/www.notaoficial.com\/s\/wp-json\/wp\/v2\/categories?post=6935"},{"taxonomy":"post_tag","embeddable":true,"href":"https:\/\/www.notaoficial.com\/s\/wp-json\/wp\/v2\/tags?post=6935"}],"curies":[{"name":"wp","href":"https:\/\/api.w.org\/{rel}","templated":true}]}}