{"id":6944,"date":"2019-11-08T20:25:12","date_gmt":"2019-11-09T00:25:12","guid":{"rendered":"http:\/\/www.notaoficial.com\/s\/?p=6944"},"modified":"2019-11-08T08:27:33","modified_gmt":"2019-11-08T12:27:33","slug":"el-arte-de-la-ceramica-de-maria-elisa-pifano-se-expone-en-graphicart","status":"publish","type":"post","link":"https:\/\/www.notaoficial.com\/s\/2019\/11\/08\/el-arte-de-la-ceramica-de-maria-elisa-pifano-se-expone-en-graphicart\/","title":{"rendered":"El arte de la cer\u00e1mica de Mar\u00eda Elisa Pifano  se expone en Graphicart"},"content":{"rendered":"<p>El pr\u00f3ximo domingo 10 de noviembre de 2019 a las 11 am, la galer\u00eda Graphicart inaugurar\u00e1 una exposici\u00f3n de la artista venezolana Mar\u00eda Elisa Pifano, que bajo el t\u00edtulo \u201c<strong>Lienzos de Barro\u201d<\/strong>, re\u00fane una selecci\u00f3n de obras elaboradas en cer\u00e1mica, que se mueven entre los l\u00edmites de la bidimensionalidad y la tridimensionalidad.<\/p>\n<p>Con una propuesta que logra sintetizar referencias provenientes del arte abstracto geom\u00e9trico, el arte \u00f3ptico y el arte constructivista, Pifano presenta en esta su primera muestra individual, \u201cpiezas casi planas, con superficies incisas o composiciones con peque\u00f1os vol\u00famenes que sobresalen definiendo un juego geom\u00e9trico a trav\u00e9s de l\u00edneas, formas y planos en el espacio. Con la plasticidad del material propone alcanzar la perfecci\u00f3n de las formas geom\u00e9tricas y poder transmitir la objetividad y la universalidad de la expresi\u00f3n abstracta\u201d, seg\u00fan afirman las curadoras Patricia Morales y Veronica Liprandi, en el texto que acompa\u00f1a la exposici\u00f3n.<\/p>\n<p>De acuerdo a las curadoras, la artista, con influencias claras de su formaci\u00f3n como dise\u00f1adora de interiores y marcado inter\u00e9s por los estudios sistem\u00e1ticos del color, la composici\u00f3n y el orden, explora las paletas de color alternando siempre con el estudio del blanco y negro de manera met\u00f3dica y persistente.<\/p>\n<p>En tal sentido, la muestra est\u00e1 integrada por cuatro series \u2013<strong><em>Lienzos de Barro<\/em><\/strong>, <strong><em>Bocetos en piedra<\/em><\/strong>, <strong><em>Composiciones <\/em><\/strong>y<strong><em> Moradas<\/em><\/strong>\u2013 que van del plano a lo volum\u00e9trico, acompa\u00f1adas de un mural titulado <strong><em>C\u00edrculos y Cuadrados<\/em><\/strong>, que evoca los ic\u00f3nicos ambientes psicod\u00e9licos de los a\u00f1os sesenta, seg\u00fan describen Morales y Liprandi en el texto curatorial.<\/p>\n<p>En la serie <strong><em>Lienzos de Barro<\/em><\/strong>, la artista construye el dibujo esquem\u00e1tico, trabajando en blanco y negro para posteriormente incluir variaciones de la paleta de color, y a trav\u00e9s de elementos geom\u00e9tricos b\u00e1sicos juega con la percepci\u00f3n del plano al otorgarle una sutil superficie c\u00f3ncava; mientras que en la serie <strong><em>Bocetos en piedra<\/em><\/strong> utiliza diferentes arcillas resaltando las tonalidades de la tierra, sobre las que traza con l\u00e1piz cer\u00e1mico una red, creando relaciones geom\u00e9tricas.<\/p>\n<p>En la serie <strong><em>Composiciones<\/em><\/strong>, por otra parte, juega intuitivamente ordenando piezas de diferentes tama\u00f1os y formas, creando la maqueta que le permite desarmar la obra y llevarla a su producci\u00f3n definitiva; y en <strong><em>Moradas<\/em><\/strong>, la artista representa una sociedad imaginaria que genera relaciones armoniosas, en una ciudad ut\u00f3pica donde rigen los ritmos, las proporciones y el orden oponi\u00e9ndose al desarraigo y la migraci\u00f3n.<\/p>\n<p>Mar\u00eda Elisa Pifano (Barquisimeto, 1958) inici\u00f3 en 1993 su formaci\u00f3n como ceramista en Baldwin Pottery en Nueva York, y en 1994 estudi\u00f3 azulejos y murales con Frank Giorgini en Parsons School of Design de NY, a la vez que obtuvo el grado en dise\u00f1o de interiores en el mismo instituto. Entre 2002 y 2006 retoma sus estudios cer\u00e1micos a tiempo completo con Malinda Wright y Jake Alee, ambos en Tyler Junior College, Texas, y en 2015 regresa a Nueva York para un curso intensivo de escultura en cer\u00e1mica en Greenwich House Pottery.<\/p>\n<p>Ha participado en varias exposiciones colectivas en Parsons School of Design (1995); Tyler Junior College (2002, 2004, 2005); The Art of Surviving AIDS, Tyler, Texas (2005); Prot\u00e9g\u00e9 Exhibit, Temple, Texas (2006); Geometr\u00eda, Museo de Arte Acarigua-Araure (2017) y L\u2019Espace Blanc, Caracas (2018); ha participado en el proyecto Pixeles, Galer\u00eda GBG Arts, Caracas (2017, 2018, 2019); Subasta de la Fundaci\u00f3n Autismo en Voz Alta, BOD, Caracas (2018).<\/p>\n<p>Su primera exposici\u00f3n individual, <strong>\u201cLienzos de Barro\u201d<\/strong>, podr\u00e1 ser apreciada del 10 de noviembre de 2019 al 26 de enero de 2020 en la Galer\u00eda Graphicart, ubicada en la Avenida Veracruz, Edificio La Hacienda, Planta Baja, Las Mercedes, Caracas. El horario es de lunes a viernes de 9 am a 4 pm, y s\u00e1bados de 10 am a 2 pm. La entrada es libre.<\/p>\n","protected":false},"excerpt":{"rendered":"<p>El pr\u00f3ximo domingo 10 de noviembre de 2019 a las 11 am, la galer\u00eda Graphicart inaugurar\u00e1 una exposici\u00f3n de la artista venezolana Mar\u00eda Elisa Pifano, que bajo el t\u00edtulo \u201cLienzos de Barro\u201d, re\u00fane una selecci\u00f3n de obras elaboradas en cer\u00e1mica, que se mueven entre los l\u00edmites de la bidimensionalidad y la tridimensionalidad. Con una propuesta [&hellip;]<\/p>\n","protected":false},"author":2,"featured_media":6945,"comment_status":"closed","ping_status":"open","sticky":false,"template":"","format":"standard","meta":[],"categories":[463,2],"tags":[3164,7990,7991],"wppr_data":[],"_links":{"self":[{"href":"https:\/\/www.notaoficial.com\/s\/wp-json\/wp\/v2\/posts\/6944"}],"collection":[{"href":"https:\/\/www.notaoficial.com\/s\/wp-json\/wp\/v2\/posts"}],"about":[{"href":"https:\/\/www.notaoficial.com\/s\/wp-json\/wp\/v2\/types\/post"}],"author":[{"embeddable":true,"href":"https:\/\/www.notaoficial.com\/s\/wp-json\/wp\/v2\/users\/2"}],"replies":[{"embeddable":true,"href":"https:\/\/www.notaoficial.com\/s\/wp-json\/wp\/v2\/comments?post=6944"}],"version-history":[{"count":1,"href":"https:\/\/www.notaoficial.com\/s\/wp-json\/wp\/v2\/posts\/6944\/revisions"}],"predecessor-version":[{"id":6946,"href":"https:\/\/www.notaoficial.com\/s\/wp-json\/wp\/v2\/posts\/6944\/revisions\/6946"}],"wp:featuredmedia":[{"embeddable":true,"href":"https:\/\/www.notaoficial.com\/s\/wp-json\/wp\/v2\/media\/6945"}],"wp:attachment":[{"href":"https:\/\/www.notaoficial.com\/s\/wp-json\/wp\/v2\/media?parent=6944"}],"wp:term":[{"taxonomy":"category","embeddable":true,"href":"https:\/\/www.notaoficial.com\/s\/wp-json\/wp\/v2\/categories?post=6944"},{"taxonomy":"post_tag","embeddable":true,"href":"https:\/\/www.notaoficial.com\/s\/wp-json\/wp\/v2\/tags?post=6944"}],"curies":[{"name":"wp","href":"https:\/\/api.w.org\/{rel}","templated":true}]}}