{"id":6988,"date":"2019-11-16T20:24:46","date_gmt":"2019-11-17T00:24:46","guid":{"rendered":"http:\/\/www.notaoficial.com\/s\/?p=6988"},"modified":"2019-11-16T18:30:48","modified_gmt":"2019-11-16T22:30:48","slug":"valle-arriba-athletic-club-brinda-esparcimiento-y-alegria-a-mas-de-120-ninos-de-instituciones-sociales","status":"publish","type":"post","link":"https:\/\/www.notaoficial.com\/s\/2019\/11\/16\/valle-arriba-athletic-club-brinda-esparcimiento-y-alegria-a-mas-de-120-ninos-de-instituciones-sociales\/","title":{"rendered":"Valle Arriba Athletic club brinda esparcimiento y alegr\u00eda a m\u00e1s de 120 ni\u00f1os de instituciones sociales"},"content":{"rendered":"<p>Como parte de la celebraci\u00f3n del 21 aniversario del Valle Arriba Athletic Club (VAAC), el comit\u00e9 de Responsabilidad Social del centro desarroll\u00f3 su programa bandera \u201cCompartir de la Felicidad\u201d, en un evento que reuni\u00f3 a ni\u00f1os entre 3 y 15 a\u00f1os, pertenecientes a instituciones sociales, con condici\u00f3n especial de salud.<\/p>\n<p>Es as\u00ed como infantes del Hospital Ortop\u00e9dico Infantil, Casa Ronald Mc Donald \u00a0y Fundaci\u00f3n Amigos del Ni\u00f1o con C\u00e1ncer, junto a sus padres, se convirtieron en los invitados de honor del VAAC y disfrutaron de actividades que les permitieron vivir un d\u00eda diferente a su rutina diaria.<\/p>\n<p>Actividades de entretenimiento y diversi\u00f3n, en compa\u00f1\u00eda de las notas del conocido m\u00fasico venezolano Jorge Spiteri, el tan esperado \u00a0chapuz\u00f3n en la piscina del Club y la llegada de H\u00e9roes Aliados, fueron los atractivos de este d\u00eda m\u00e1gico que deleitaron a los invitados, en un esfuerzo que concentr\u00f3 al equipo de colaboradores del club, quienes brindaron el apoyo necesario para que los hu\u00e9spedes se sintieran como en casa.<\/p>\n<p>La jornada tambi\u00e9n incluy\u00f3 un rico desayuno, el almuerzo y la merienda para los ilustres visitantes, quienes lograron compartir a lo largo del d\u00eda, con conocidos y amigos.<\/p>\n<p>Mar\u00eda Esperanza de Rubio, presidenta del \u00a0Comit\u00e9 de Responsabilidad Social se refiri\u00f3 a esta actividad como \u201cuna experiencia maravillosa, que nos permite mitigar un poco las dificultades que padecen los ni\u00f1os y sus padres, por situaciones de salud, brind\u00e1ndoles un d\u00eda diferente\u201d.<\/p>\n<p>Esta labor es realizada por el VAAC desde hace m\u00e1s de seis a\u00f1os, siendo el sello que lo identifica como una asociaci\u00f3n socialmente responsable que contribuye activa y voluntariamente al mejoramiento social del pa\u00eds.<\/p>\n","protected":false},"excerpt":{"rendered":"<p>Como parte de la celebraci\u00f3n del 21 aniversario del Valle Arriba Athletic Club (VAAC), el comit\u00e9 de Responsabilidad Social del centro desarroll\u00f3 su programa bandera \u201cCompartir de la Felicidad\u201d, en un evento que reuni\u00f3 a ni\u00f1os entre 3 y 15 a\u00f1os, pertenecientes a instituciones sociales, con condici\u00f3n especial de salud. Es as\u00ed como infantes del [&hellip;]<\/p>\n","protected":false},"author":2,"featured_media":6989,"comment_status":"closed","ping_status":"open","sticky":false,"template":"","format":"standard","meta":[],"categories":[140,1714,2],"tags":[8021,6785,1063,2022,887],"wppr_data":[],"_links":{"self":[{"href":"https:\/\/www.notaoficial.com\/s\/wp-json\/wp\/v2\/posts\/6988"}],"collection":[{"href":"https:\/\/www.notaoficial.com\/s\/wp-json\/wp\/v2\/posts"}],"about":[{"href":"https:\/\/www.notaoficial.com\/s\/wp-json\/wp\/v2\/types\/post"}],"author":[{"embeddable":true,"href":"https:\/\/www.notaoficial.com\/s\/wp-json\/wp\/v2\/users\/2"}],"replies":[{"embeddable":true,"href":"https:\/\/www.notaoficial.com\/s\/wp-json\/wp\/v2\/comments?post=6988"}],"version-history":[{"count":1,"href":"https:\/\/www.notaoficial.com\/s\/wp-json\/wp\/v2\/posts\/6988\/revisions"}],"predecessor-version":[{"id":6990,"href":"https:\/\/www.notaoficial.com\/s\/wp-json\/wp\/v2\/posts\/6988\/revisions\/6990"}],"wp:featuredmedia":[{"embeddable":true,"href":"https:\/\/www.notaoficial.com\/s\/wp-json\/wp\/v2\/media\/6989"}],"wp:attachment":[{"href":"https:\/\/www.notaoficial.com\/s\/wp-json\/wp\/v2\/media?parent=6988"}],"wp:term":[{"taxonomy":"category","embeddable":true,"href":"https:\/\/www.notaoficial.com\/s\/wp-json\/wp\/v2\/categories?post=6988"},{"taxonomy":"post_tag","embeddable":true,"href":"https:\/\/www.notaoficial.com\/s\/wp-json\/wp\/v2\/tags?post=6988"}],"curies":[{"name":"wp","href":"https:\/\/api.w.org\/{rel}","templated":true}]}}