{"id":7109,"date":"2019-11-27T19:56:45","date_gmt":"2019-11-27T23:56:45","guid":{"rendered":"http:\/\/www.notaoficial.com\/s\/?p=7109"},"modified":"2019-11-27T19:56:45","modified_gmt":"2019-11-27T23:56:45","slug":"la-obra-de-abraham-rosales-toma-los-espacios-de-oasis-caracas","status":"publish","type":"post","link":"https:\/\/www.notaoficial.com\/s\/2019\/11\/27\/la-obra-de-abraham-rosales-toma-los-espacios-de-oasis-caracas\/","title":{"rendered":"La obra de Abraham Rosales  toma los espacios de Oasis Caracas"},"content":{"rendered":"<p>Bajo el t\u00edtulo <strong><em>Espont\u00e1neas<\/em><\/strong> ser\u00e1 inaugrada la m\u00e1s reciente exposici\u00f3n del artista venezolano Abraham Rosales, este s\u00e1bado 23 de noviembre de 2019 a las 4 pm, en el espacio alternativo de arte \u201cOasis Caracas\u201d, en Los Palos Grandes, donde permanecer\u00e1 en exhibici\u00f3n hasta finales de enero de 2020..<\/p>\n<p>La muestra est\u00e1 integrada por un conjunto de obras que dan cuenta de la propuesta que ha desarrollado Rosales a lo largo de sus 10 a\u00f1os de trayectoria, concebida a partir del v\u00ednculo que tuvo en su ni\u00f1ez con f\u00e1bricas y talleres de costura, acumulaciones de rollos de telas y multiplicidad de texturas y colores que lo llevaron a manejar una impronta que hoy convierte en obra art\u00edstica.<\/p>\n<p>Estas acumulaciones eran lo m\u00e1s llamativo para el artista al entrar en una f\u00e1brica, seg\u00fan afirma el artista. \u201cParec\u00edan monta\u00f1as que pod\u00eda escalar. Eran \u00e9pocas muy buenas para la producci\u00f3n textil, se generaba much\u00edsimo material de retazos que se iban apilando para luego ser botados. La manera en que se apilaban y su forma iba mutando a trav\u00e9s de los d\u00edas y convirti\u00e9ndose cada vez en un cuerpo m\u00e1s volum\u00e9trico, me llev\u00f3 a descubrir formas imaginarias org\u00e1nicas que se van dando de manera espont\u00e1nea y con el tiempo introduje esto a mi obra\u201d.<\/p>\n<p>De acuerdo a la investigadora de artes visuales, Gabriela Mesones Rojo, Abraham Rosales presenta en esta exposici\u00f3n la historia privada de la materia, \u201csu llegada al mundo a trav\u00e9s la industrializaci\u00f3n, su vida \u00fatil y protectora, su muerte en forma de retazo, su transcendencia hecha imagen. Como si cada pieza conformara uno de los engranajes de una maquinaria industrial que se hace infinita. La vida y el alma humana se asemejan, d\u00edgamos, por sus entramados, sus historias y dualidades combinadas; constelaciones multidimensionales de textura y color\u201d.<\/p>\n<p>La exposici\u00f3n <strong><em>Espont\u00e1neas<\/em><\/strong> de Abraham Rosales podr\u00e1 ser apreciada desde el 23 de noviembre de 2019 hasta finales de enero de 2020, en el espacio alternativo de arte \u201cOasis Caracas\u201d, situado en la 7ma transversal de los Palos Grandes, entre la 4ta y la 5ta avenida, al lado del colegio San Francisco de As\u00eds.<\/p>\n<p>&nbsp;<\/p>\n<p>IG: @oasis.caracas<\/p>\n","protected":false},"excerpt":{"rendered":"<p>Bajo el t\u00edtulo Espont\u00e1neas ser\u00e1 inaugrada la m\u00e1s reciente exposici\u00f3n del artista venezolano Abraham Rosales, este s\u00e1bado 23 de noviembre de 2019 a las 4 pm, en el espacio alternativo de arte \u201cOasis Caracas\u201d, en Los Palos Grandes, donde permanecer\u00e1 en exhibici\u00f3n hasta finales de enero de 2020.. La muestra est\u00e1 integrada por un conjunto [&hellip;]<\/p>\n","protected":false},"author":2,"featured_media":7110,"comment_status":"closed","ping_status":"open","sticky":false,"template":"","format":"standard","meta":[],"categories":[463,2],"tags":[2206,8125,309],"wppr_data":[],"_links":{"self":[{"href":"https:\/\/www.notaoficial.com\/s\/wp-json\/wp\/v2\/posts\/7109"}],"collection":[{"href":"https:\/\/www.notaoficial.com\/s\/wp-json\/wp\/v2\/posts"}],"about":[{"href":"https:\/\/www.notaoficial.com\/s\/wp-json\/wp\/v2\/types\/post"}],"author":[{"embeddable":true,"href":"https:\/\/www.notaoficial.com\/s\/wp-json\/wp\/v2\/users\/2"}],"replies":[{"embeddable":true,"href":"https:\/\/www.notaoficial.com\/s\/wp-json\/wp\/v2\/comments?post=7109"}],"version-history":[{"count":1,"href":"https:\/\/www.notaoficial.com\/s\/wp-json\/wp\/v2\/posts\/7109\/revisions"}],"predecessor-version":[{"id":7111,"href":"https:\/\/www.notaoficial.com\/s\/wp-json\/wp\/v2\/posts\/7109\/revisions\/7111"}],"wp:featuredmedia":[{"embeddable":true,"href":"https:\/\/www.notaoficial.com\/s\/wp-json\/wp\/v2\/media\/7110"}],"wp:attachment":[{"href":"https:\/\/www.notaoficial.com\/s\/wp-json\/wp\/v2\/media?parent=7109"}],"wp:term":[{"taxonomy":"category","embeddable":true,"href":"https:\/\/www.notaoficial.com\/s\/wp-json\/wp\/v2\/categories?post=7109"},{"taxonomy":"post_tag","embeddable":true,"href":"https:\/\/www.notaoficial.com\/s\/wp-json\/wp\/v2\/tags?post=7109"}],"curies":[{"name":"wp","href":"https:\/\/api.w.org\/{rel}","templated":true}]}}