{"id":7124,"date":"2019-11-28T15:52:56","date_gmt":"2019-11-28T19:52:56","guid":{"rendered":"http:\/\/www.notaoficial.com\/s\/?p=7124"},"modified":"2019-11-28T15:52:56","modified_gmt":"2019-11-28T19:52:56","slug":"el-galaxy-watch-active2-hara-que-tus-vacaciones-sean-mas-largas","status":"publish","type":"post","link":"https:\/\/www.notaoficial.com\/s\/2019\/11\/28\/el-galaxy-watch-active2-hara-que-tus-vacaciones-sean-mas-largas\/","title":{"rendered":"El Galaxy Watch Active2 har\u00e1 que tus vacaciones sean m\u00e1s largas"},"content":{"rendered":"<p>Si est\u00e1s planificando unas vacaciones en las que puedas verdaderamente desconectarte de la rutina y enfocarte en tu bienestar, el Galaxy Watch Active2 puede ayudarte a lograrlo. Hoy en d\u00eda es muy dif\u00edcil separar la vida personal del trabajo. Estamos todo el tiempo conectados con las responsabilidades y preocupaciones que, sin darnos cuenta, nos suman estr\u00e9s. El Galaxy Watch Active2 permite a los usuarios vivir de manera m\u00e1s saludable a trav\u00e9s de peque\u00f1os cambios diarios pero significativos, desde alcanzar objetivos de bienestar como el sue\u00f1o, la forma f\u00edsica y el manejo del estr\u00e9s hasta completar tareas de manera mucho m\u00e1s eficiente. Al final de tus vacaciones, \u00a1sentir\u00e1s que duraron para siempre! Y adem\u00e1s estos cambios puedes incorporarlos a tu vida diaria.<\/p>\n<p>Ya sea que quieras tomarte un tiempo para meditar, recibir notificaciones de cada actualizaci\u00f3n o quedarse en un punto intermedio, Galaxy Watch Active2 complementa su estilo de vida sin perder la elegancia y el estilo en el proceso.<\/p>\n<p>El m\u00e1s reciente reloj inteligente de Samsung que combina capacidades hol\u00edsticas de salud y bienestar con caracter\u00edsticas de moda personalizables para adaptarse a cada usuario, fue galardonado con el CES\u00ae 2020 Innovation Awards, junto a otros 45 productos de Samsung.<\/p>\n<p>Con Samsung Health, este Smartwatch ofrece informaci\u00f3n detallada y procesable sobre estado f\u00edsico, sue\u00f1o y estr\u00e9s, entre otros. Adem\u00e1s, se integra con aplicaciones y servicios en todo el ecosistema Galaxy, adapt\u00e1ndose perfectamente a un estilo de vida conectado.<\/p>\n<p><strong>Dise\u00f1o personalizado<\/strong><\/p>\n<p>El Galaxy Watch Active2 se presenta en dos tama\u00f1os diferentes (44 mm y 40 mm de di\u00e1metro) y, en dos estilos: uno en aluminio ligero con una correa casual de fluoroelast\u00f3mero (FKM) y otro de acero inoxidable s\u00f3lido de primera calidad con una correa de cuero. Estos relojes inteligentes se pueden personalizar con una gama de opciones adicionales de correa y esfera de reloj mucho m\u00e1s elegante.<\/p>\n<p>El Galaxy Watch Active2 presenta una nueva actualizaci\u00f3n del exclusivo marco giratorio caracter\u00edstico de Samsung, convirti\u00e9ndolo en digital para que sea a\u00fan m\u00e1s f\u00e1cil navegar mientras maximiza el tama\u00f1o de la pantalla. De esta forma, el marco t\u00e1ctil giratorio, incluido en la pantalla curvada Super AMOLED, gira en ambos sentidos para que el usuario pueda seleccionar f\u00e1cilmente sus aplicaciones favoritas. Adem\u00e1s, la mejorada interfaz de usuario One UI ofrece una experiencia de navegaci\u00f3n mucho m\u00e1s simple, clara y adaptada.<\/p>\n<p>Para conocer las \u00faltimas noticias, por favor visite la Sala de Prensa de Samsung en <a href=\"http:\/\/news.samsung.com\/latin\">http:\/\/news.samsung.com\/latin<\/a><\/p>\n<p>Por favor comparte tus comentarios en nuestras redes: Facebook\u00a0<a href=\"https:\/\/www.facebook.com\/SamsungLatinoamerica\/\">Samsung<\/a>, Instagram\u00a0<a href=\"https:\/\/www.instagram.com\/samsunglatin\/\">@SamsungLatin<\/a>\u00a0y Twitter:\u00a0<a href=\"https:\/\/twitter.com\/search?q=%40samsunglatin&amp;src=typd\">@SamsungLatin<\/a><\/p>\n","protected":false},"excerpt":{"rendered":"<p>Si est\u00e1s planificando unas vacaciones en las que puedas verdaderamente desconectarte de la rutina y enfocarte en tu bienestar, el Galaxy Watch Active2 puede ayudarte a lograrlo. Hoy en d\u00eda es muy dif\u00edcil separar la vida personal del trabajo. Estamos todo el tiempo conectados con las responsabilidades y preocupaciones que, sin darnos cuenta, nos suman [&hellip;]<\/p>\n","protected":false},"author":2,"featured_media":7125,"comment_status":"closed","ping_status":"open","sticky":false,"template":"","format":"standard","meta":[],"categories":[93,4875,2],"tags":[7355,2364],"wppr_data":[],"_links":{"self":[{"href":"https:\/\/www.notaoficial.com\/s\/wp-json\/wp\/v2\/posts\/7124"}],"collection":[{"href":"https:\/\/www.notaoficial.com\/s\/wp-json\/wp\/v2\/posts"}],"about":[{"href":"https:\/\/www.notaoficial.com\/s\/wp-json\/wp\/v2\/types\/post"}],"author":[{"embeddable":true,"href":"https:\/\/www.notaoficial.com\/s\/wp-json\/wp\/v2\/users\/2"}],"replies":[{"embeddable":true,"href":"https:\/\/www.notaoficial.com\/s\/wp-json\/wp\/v2\/comments?post=7124"}],"version-history":[{"count":1,"href":"https:\/\/www.notaoficial.com\/s\/wp-json\/wp\/v2\/posts\/7124\/revisions"}],"predecessor-version":[{"id":7126,"href":"https:\/\/www.notaoficial.com\/s\/wp-json\/wp\/v2\/posts\/7124\/revisions\/7126"}],"wp:featuredmedia":[{"embeddable":true,"href":"https:\/\/www.notaoficial.com\/s\/wp-json\/wp\/v2\/media\/7125"}],"wp:attachment":[{"href":"https:\/\/www.notaoficial.com\/s\/wp-json\/wp\/v2\/media?parent=7124"}],"wp:term":[{"taxonomy":"category","embeddable":true,"href":"https:\/\/www.notaoficial.com\/s\/wp-json\/wp\/v2\/categories?post=7124"},{"taxonomy":"post_tag","embeddable":true,"href":"https:\/\/www.notaoficial.com\/s\/wp-json\/wp\/v2\/tags?post=7124"}],"curies":[{"name":"wp","href":"https:\/\/api.w.org\/{rel}","templated":true}]}}