{"id":7127,"date":"2019-11-28T16:53:48","date_gmt":"2019-11-28T20:53:48","guid":{"rendered":"http:\/\/www.notaoficial.com\/s\/?p=7127"},"modified":"2019-11-28T15:58:53","modified_gmt":"2019-11-28T19:58:53","slug":"el-fib-ilumina-los-primeros-nombres-de-su-cartel","status":"publish","type":"post","link":"https:\/\/www.notaoficial.com\/s\/2019\/11\/28\/el-fib-ilumina-los-primeros-nombres-de-su-cartel\/","title":{"rendered":"El FIB ilumina los primeros nombres de su cartel"},"content":{"rendered":"<div>La 26\u00aa edici\u00f3n del <strong>Festival Internacional de Benic\u00e0ssim<\/strong>, la primera gestionada por The Music Republic, ilumina los primeros nombres de su cartel. De la escucha activa de sus seguidores y del trabajo exhaustivo de su equipo de programaci\u00f3n ve la luz un primer y potent\u00edsimo avance.<\/p>\n<p>Del <strong>16 al 19 de julio <\/strong>y en el mismo recinto de a\u00f1os anteriores, para la cita musical del verano en la Comunitat Valenciana es clave la activaci\u00f3n del entorno a trav\u00e9s de la m\u00fasica y la cultura. En el horizonte, la resignificaci\u00f3n de un festival que abre los brazos al p\u00fablico espa\u00f1ol sin abandonar su vocaci\u00f3n tur\u00edstica e internacional. Los abonos saldr\u00e1n a la venta desde 49 \u20ac + gastos el 28 de noviembre a las 18:00 horas a trav\u00e9s de la web oficial <a href=\"http:\/\/fiberfib.trckacbm.com\/url\/ver\/42977346\/\/858902\/VfypeC7ijVZyE8CTrsfHdIxtOH3WQ3xFeVaRYRMmMXYqYz\" target=\"_blank\" rel=\"noopener\" data-saferedirecturl=\"https:\/\/www.google.com\/url?q=http:\/\/fiberfib.trckacbm.com\/url\/ver\/42977346\/\/858902\/VfypeC7ijVZyE8CTrsfHdIxtOH3WQ3xFeVaRYRMmMXYqYz&amp;source=gmail&amp;ust=1575056975958000&amp;usg=AFQjCNF6r_wHT6e9XGhT6t9EFkEQRSWfPA\">www.fiberfib.com<\/a>. Quien quiera acceder al camping deber\u00e1 adquirir un ticket independiente por 25\u20ac + gastos (tanto Campfest como Villacamp).<\/p>\n<p>Las primeras confirmaciones del cartel, al que todav\u00eda le quedan muchas sorpresas por desvelar, consolida la fuerte apuesta de car\u00e1cter nacional e internacional del FIB, reforzando su voluntad de acoger a un p\u00fablico inquieto por las diversas culturas musicales.<\/p>\n<p>Artistas consagrados de dimensi\u00f3n mundial (<strong>Khalid<\/strong>, <strong>Vampire Weekend,<\/strong> <strong>Armin Van Buuren<\/strong>, <strong>The Kooks<\/strong>, <strong>Rita Ora<\/strong>, <strong>Martin Garrix<\/strong>, <strong>Crystal Fighters<\/strong>, <strong>The Libertines<\/strong>, <strong>Don Diablo<\/strong>, <strong>Foals<\/strong>, <strong>The Lumineers<\/strong>, <strong>Steve Aoki<\/strong>, <strong>Kaiser Chiefs<\/strong>, <strong>The Hives <\/strong>o <strong>Digitalism<\/strong>), los grupos nacionales m\u00e1s relevantes del momento (<strong>Manel<\/strong>, <strong>Le\u00f3n Benavente<\/strong>, <strong>La Habitaci\u00f3n Roja<\/strong>, <strong>Tri\u00e1ngulo de Amor Bizarro<\/strong>, <strong>Hinds<\/strong>, <strong>Los Planetas <\/strong>+ <strong>Ni\u00f1o de Elche presentan Fuerza Nueva<\/strong>, <strong>Sidonie<\/strong> o <strong>Viva Suecia<\/strong>) y propuestas emergentes (<strong>Cari\u00f1o<\/strong> o <strong>Meduza<\/strong>) completan un amplio abanico estil\u00edstico.\n<\/div>\n<div><strong>CARTEL POR D\u00cdAS<\/strong><\/p>\n<p>+ JUEVES 16 DE JULIO<br \/>\nKhalid \/ Armin Van Buuren \/ The Kooks \/ Basement Jaxx dj set \/ Manel \/ Le\u00f3n Benavente&#8230;<\/p>\n<p>+ VIERNES 17 DE JULIO<br \/>\nVampire Weekend \/ Martin Garrix \/ Rita Ora \/ Crystal Fighters \/ Lil Pump \/ Example \/ Circa Waves \/ La Habitaci\u00f3n Roja \/ Tri\u00e1ngulo de Amor Bizarro \/ Hinds&#8230;<\/p>\n<p>+ S\u00c1BADO 18 DE JULIO<br \/>\nThe Libertines \/ Don Diablo \/ Fuerza Nueva (Los Planetas + Ni\u00f1o de Elche) \/ Meduza \/ Fuel Fandango \/ Elyella&#8230;<\/p>\n<p>+ DOMINGO 19 DE JULIO<br \/>\nFoals \/ The Lumineers \/ Steve Aoki \/ Kaiser Chiefs \/ The Hives \/ Digitalism Live \/ Sidonie \/ Viva Suecia \/ Cari\u00f1o&#8230;<\/p>\n<p><em>M\u00e1s info en <\/em><a href=\"http:\/\/fiberfib.trckacbm.com\/url\/ver\/42977346\/\/858902\/VfypeC7ijVZyE8CTrsfHdIxtOH3WQ3xFeVaRYRMmMXYqYz\" target=\"_blank\" rel=\"noopener\" data-saferedirecturl=\"https:\/\/www.google.com\/url?q=http:\/\/fiberfib.trckacbm.com\/url\/ver\/42977346\/\/858902\/VfypeC7ijVZyE8CTrsfHdIxtOH3WQ3xFeVaRYRMmMXYqYz&amp;source=gmail&amp;ust=1575056975958000&amp;usg=AFQjCNF6r_wHT6e9XGhT6t9EFkEQRSWfPA\"><em>www.fiberfib.com<\/em><\/a><\/div>\n","protected":false},"excerpt":{"rendered":"<p>La 26\u00aa edici\u00f3n del Festival Internacional de Benic\u00e0ssim, la primera gestionada por The Music Republic, ilumina los primeros nombres de su cartel. De la escucha activa de sus seguidores y del trabajo exhaustivo de su equipo de programaci\u00f3n ve la luz un primer y potent\u00edsimo avance. Del 16 al 19 de julio y en el [&hellip;]<\/p>\n","protected":false},"author":2,"featured_media":7128,"comment_status":"closed","ping_status":"open","sticky":false,"template":"","format":"standard","meta":[],"categories":[93,4875,2],"tags":[8129,8147,8133,8141,8135,8149,8136,7547,8139,1725,8143,8142,8145,7675,8132,8148,8131,8146,8138,8140,8130,8134,8137,8144,8128,5661],"wppr_data":[],"_links":{"self":[{"href":"https:\/\/www.notaoficial.com\/s\/wp-json\/wp\/v2\/posts\/7127"}],"collection":[{"href":"https:\/\/www.notaoficial.com\/s\/wp-json\/wp\/v2\/posts"}],"about":[{"href":"https:\/\/www.notaoficial.com\/s\/wp-json\/wp\/v2\/types\/post"}],"author":[{"embeddable":true,"href":"https:\/\/www.notaoficial.com\/s\/wp-json\/wp\/v2\/users\/2"}],"replies":[{"embeddable":true,"href":"https:\/\/www.notaoficial.com\/s\/wp-json\/wp\/v2\/comments?post=7127"}],"version-history":[{"count":1,"href":"https:\/\/www.notaoficial.com\/s\/wp-json\/wp\/v2\/posts\/7127\/revisions"}],"predecessor-version":[{"id":7129,"href":"https:\/\/www.notaoficial.com\/s\/wp-json\/wp\/v2\/posts\/7127\/revisions\/7129"}],"wp:featuredmedia":[{"embeddable":true,"href":"https:\/\/www.notaoficial.com\/s\/wp-json\/wp\/v2\/media\/7128"}],"wp:attachment":[{"href":"https:\/\/www.notaoficial.com\/s\/wp-json\/wp\/v2\/media?parent=7127"}],"wp:term":[{"taxonomy":"category","embeddable":true,"href":"https:\/\/www.notaoficial.com\/s\/wp-json\/wp\/v2\/categories?post=7127"},{"taxonomy":"post_tag","embeddable":true,"href":"https:\/\/www.notaoficial.com\/s\/wp-json\/wp\/v2\/tags?post=7127"}],"curies":[{"name":"wp","href":"https:\/\/api.w.org\/{rel}","templated":true}]}}