{"id":7145,"date":"2019-12-02T12:37:00","date_gmt":"2019-12-02T16:37:00","guid":{"rendered":"http:\/\/www.notaoficial.com\/s\/?p=7145"},"modified":"2019-12-02T08:38:28","modified_gmt":"2019-12-02T12:38:28","slug":"shey-da-un-giro-180o-con-tengo-falda","status":"publish","type":"post","link":"https:\/\/www.notaoficial.com\/s\/2019\/12\/02\/shey-da-un-giro-180o-con-tengo-falda\/","title":{"rendered":"Shey da un giro 180\u00ba con \u201cTengo Falda\u201d"},"content":{"rendered":"<p><strong>Apostando a un sonido totalmente diferente, Shey retoma el mercado musical con el sencillo \u201cTengo falda\u201d.<\/strong><strong> \u201cEs un tema que rompe totalmente las barreras de lo que se ha venido escuchando este a\u00f1o<\/strong>. Fue un tema que, para m\u00ed, represent\u00f3 un reto porque no es lo que acostumbro a hacer con mi m\u00fasica, pero, m\u00e1s all\u00e1 de eso, disfrut\u00e9 much\u00edsimo el proceso de grabarla y retarme a m\u00ed misma a salir de mi zona de confort\u201d, comenta Shey.<\/p>\n<p><strong>El single, que promete ser un himno femenino, fue uno de los \u00faltimos escritos por Franco &amp; Oscarcito, lo que representa toda una satisfacci\u00f3n para ella.<\/strong><strong> \u201cDefinitivamente es un orgullo, sobre todo porque ellos representaron un cambio enorme en la industria de la m\u00fasica<\/strong> urbana de manera exitosa. <strong>\u2018Tengo falda\u2019 es un tema rebelde, movido, que requiere de mucha energ\u00eda y refleja ese poder femenino<\/strong>. Sol\u00eda siempre quedarme con lo que \u2018estaba sonando\u2019 en el momento, as\u00ed cre\u00eda que ten\u00eda que sonar. Esta canci\u00f3n refleja todo lo que reprim\u00ed desde que me sumerg\u00ed en el medio musical\u201d, agrega la int\u00e9rprete.<\/p>\n<p>Y, para darle ese sonido diferente, <strong>la producci\u00f3n de estuvo a cargo de Franco Bellomo<\/strong>, lo que los convierte en un d\u00fao explosivo.<strong> \u201cFranco tiene una visi\u00f3n de proyecto que nadie m\u00e1s que yo conozca en Venezuela tiene, es incre\u00edblemente talentoso y supo captar lo que yo era como artista y como persona<\/strong>. Sin duda, las expectativas son muchas pues esto es un cambio pero m\u00e1s que todo en mi persona\u201d, cuenta.<\/p>\n<p>Ahora, un poco m\u00e1s madura en lo profesional, Shey tiene muy definido el rumbo que quiere tomar. \u201c<strong>Quiero empezar a fluir m\u00e1s y dejarme influir menos, y sobre todo que al p\u00fablico le guste lo que estoy haciendo, que seguramente les va a encantar, porque tiene mucho poder y eso es lo que falta en Venezuela<\/strong>\u201d, finaliza Shey.<\/p>\n<p>Y, aunque no puede adelantar nada del material audiovisual, la talentosa cantante viene con cambio 180\u00ba que dejar\u00e1 a muchos impactados.<\/p>\n<p><strong>Para conocer cada paso de la talentosa cantante, no deje de seguirla en sus redes sociales como: @Sheymusica en Instagram y @SheyPop en Twitter.<\/strong><\/p>\n","protected":false},"excerpt":{"rendered":"<p>Apostando a un sonido totalmente diferente, Shey retoma el mercado musical con el sencillo \u201cTengo falda\u201d. \u201cEs un tema que rompe totalmente las barreras de lo que se ha venido escuchando este a\u00f1o. Fue un tema que, para m\u00ed, represent\u00f3 un reto porque no es lo que acostumbro a hacer con mi m\u00fasica, pero, m\u00e1s [&hellip;]<\/p>\n","protected":false},"author":2,"featured_media":7146,"comment_status":"closed","ping_status":"open","sticky":false,"template":"","format":"standard","meta":[],"categories":[463,2],"tags":[8162,851,8163],"wppr_data":[],"_links":{"self":[{"href":"https:\/\/www.notaoficial.com\/s\/wp-json\/wp\/v2\/posts\/7145"}],"collection":[{"href":"https:\/\/www.notaoficial.com\/s\/wp-json\/wp\/v2\/posts"}],"about":[{"href":"https:\/\/www.notaoficial.com\/s\/wp-json\/wp\/v2\/types\/post"}],"author":[{"embeddable":true,"href":"https:\/\/www.notaoficial.com\/s\/wp-json\/wp\/v2\/users\/2"}],"replies":[{"embeddable":true,"href":"https:\/\/www.notaoficial.com\/s\/wp-json\/wp\/v2\/comments?post=7145"}],"version-history":[{"count":1,"href":"https:\/\/www.notaoficial.com\/s\/wp-json\/wp\/v2\/posts\/7145\/revisions"}],"predecessor-version":[{"id":7147,"href":"https:\/\/www.notaoficial.com\/s\/wp-json\/wp\/v2\/posts\/7145\/revisions\/7147"}],"wp:featuredmedia":[{"embeddable":true,"href":"https:\/\/www.notaoficial.com\/s\/wp-json\/wp\/v2\/media\/7146"}],"wp:attachment":[{"href":"https:\/\/www.notaoficial.com\/s\/wp-json\/wp\/v2\/media?parent=7145"}],"wp:term":[{"taxonomy":"category","embeddable":true,"href":"https:\/\/www.notaoficial.com\/s\/wp-json\/wp\/v2\/categories?post=7145"},{"taxonomy":"post_tag","embeddable":true,"href":"https:\/\/www.notaoficial.com\/s\/wp-json\/wp\/v2\/tags?post=7145"}],"curies":[{"name":"wp","href":"https:\/\/api.w.org\/{rel}","templated":true}]}}