{"id":7163,"date":"2019-12-03T23:04:11","date_gmt":"2019-12-04T03:04:11","guid":{"rendered":"http:\/\/www.notaoficial.com\/s\/?p=7163"},"modified":"2019-12-03T20:04:44","modified_gmt":"2019-12-04T00:04:44","slug":"malefica-duena-del-mal-se-sigue-en-lo-mas-alto-del-top-5","status":"publish","type":"post","link":"https:\/\/www.notaoficial.com\/s\/2019\/12\/03\/malefica-duena-del-mal-se-sigue-en-lo-mas-alto-del-top-5\/","title":{"rendered":"\u201cMal\u00e9fica: Due\u00f1a del mal\u201d se sigue en lo m\u00e1s alto del Top 5"},"content":{"rendered":"<p>El poder de <strong>\u201cMal\u00e9fica: Due\u00f1a del mal\u201d,<\/strong> se niega abandonar el primer lugar del Top 5 nacional, la cinta de Disney protagonizada por Angelina Jolie, y dirigida por Joachim R\u00f8nning, muestra c\u00f3mo la malvada hada tendr\u00e1 que enfrentarse a Aurora (Elle Fanning), para defender a la criaturas del Bosque Encantado.<\/p>\n<p>Una guerra est\u00e1 por llegar y desde la sala 4DX el Cinex, el p\u00fablico podr\u00e1n vivir al m\u00e1ximo esta incre\u00edble batalla desde sus asientos multisensoriales, cuando Mal\u00e9fica (Angelina Jolie), deba usar todo su poder para enfrentarse a la reina Ingrid (Michelle Pfeiffer), un encuentro que podr\u00eda hacerle perder lo que m\u00e1s ama.<\/p>\n<p><strong>\u201cLos Locos Addams\u201d<\/strong> siguen aterrorizando a grandes y peque\u00f1os, esta semana ascendi\u00f3 al segundo lugar del conteo. La cinta animada, dirigida por Corad Vernon y Greg Tiernan, y que acumula una recaudaci\u00f3n de 129 millones de d\u00f3lares,\u00a0 muestra c\u00f3mo la peculiar familia tendr\u00e1 que enfrentarse a los terribles e inesperados cambios de humor de Merlina, quien atraviesa la adolescencia y a los preparativos del \u201cMazuka con sable\u201d, de Pericles, mientras intentan adaptarse a los vecinos de su vecindario.<\/p>\n<p>El tercer lugar del ranking es para <strong>\u201cGuas\u00f3n\u201d<\/strong> la exitosa pel\u00edcula de Warner Bros. protagonizada por Joaqu\u00edn Phoenix y dirigida por Todd Phillips, acumula una taquilla de mundial de 1.036 millones de d\u00f3lares, todo un verdadero fen\u00f3meno tomando en cuenta que su presupuesto fue de solo 55 millones de d\u00f3lares.<\/p>\n<p><strong>\u201cLas estafadora de Wall Street\u201d<\/strong> encabezadas por Jennifer L\u00f3pez ocupan la cuarta posici\u00f3n. Recientemente JLo, dio a conocer que no cobr\u00f3 ni un d\u00f3lar por aparecer en la pel\u00edcula que narra c\u00f3mo un grupo de bailarinas ex\u00f3ticas deciden estafar a sus clientes de Wall Street.<\/p>\n<p>Para finalizar <strong>\u201cLast Christmas\u201d<\/strong> hace su debut en el Top 5 en su primera semana en la cartelera. El largometraje navide\u00f1o que est\u00e1 inspirado en las canciones de George Michael, cuenta la historia de Kate (Emilia Clarke), quien despu\u00e9s de superar una terrible enfermedad, toma la desacertada decisi\u00f3n de trabajar como un elfo de Santa Claus en una tienda donde conoce a Tom (Henry Golding), un chico que la ayudar\u00e1 a ver la vida de una forma diferente.<\/p>\n<p><strong>\u00a1\u201cFrozen II\u201d llega para congelar la taquilla! <\/strong><\/p>\n<p>Cinex ya tiene en preventa, las entradas para disfrutar de \u201cFrozen II\u201d, en todas sus salas a nivel nacional,que pueden ser adquiridas a trav\u00e9s de <a href=\"http:\/\/www.cinex.com.ve\" data-saferedirecturl=\"https:\/\/www.google.com\/url?q=http:\/\/www.cinex.com.ve&amp;source=gmail&amp;ust=1575503655210000&amp;usg=AFQjCNGChwZrrrGC7ZQ0H1Fzib6tvIVKrA\">www.cinex.com.ve<\/a>. La Reina <em>Elsa<\/em> y a su hermana <em>Anna<\/em>, junto a <em>Olaf<\/em> y <em>Sven, <\/em>est\u00e1n listos para vivir una helada aventura, desde este viernes 29 de noviembre. El p\u00fablico tendr\u00e1 la oportunidad de descubrir todo lo que les espera cuando tengan que alejarse de Arendelle, para conocer la verdad sobre un reino muy antiguo.<\/p>\n<p>Solo queda una semana para recibir los regalos que Cinex tiene en su cumplea\u00f1os para repartir. Hasta el 28 de noviembre podr\u00e1n disfrutar de 2&#215;1 en entradas en todos los formatos 2D, 3D y 4DX, de martes a domingo. Adem\u00e1s, de participar por premios como smartphones de \u00faltima generaci\u00f3n y por Wi-Fi port\u00e1tiles en el gran sorteo final. S\u00edguenos\u00a0 en nuestras redes sociales como @CinexVe y descubre todo lo que tenemos para ti.<\/p>\n","protected":false},"excerpt":{"rendered":"<p>El poder de \u201cMal\u00e9fica: Due\u00f1a del mal\u201d, se niega abandonar el primer lugar del Top 5 nacional, la cinta de Disney protagonizada por Angelina Jolie, y dirigida por Joachim R\u00f8nning, muestra c\u00f3mo la malvada hada tendr\u00e1 que enfrentarse a Aurora (Elle Fanning), para defender a la criaturas del Bosque Encantado. Una guerra est\u00e1 por llegar [&hellip;]<\/p>\n","protected":false},"author":2,"featured_media":7167,"comment_status":"closed","ping_status":"open","sticky":false,"template":"","format":"standard","meta":[],"categories":[258,93,2],"tags":[267,8182,7711,8102,8181,7899,7809],"wppr_data":[],"_links":{"self":[{"href":"https:\/\/www.notaoficial.com\/s\/wp-json\/wp\/v2\/posts\/7163"}],"collection":[{"href":"https:\/\/www.notaoficial.com\/s\/wp-json\/wp\/v2\/posts"}],"about":[{"href":"https:\/\/www.notaoficial.com\/s\/wp-json\/wp\/v2\/types\/post"}],"author":[{"embeddable":true,"href":"https:\/\/www.notaoficial.com\/s\/wp-json\/wp\/v2\/users\/2"}],"replies":[{"embeddable":true,"href":"https:\/\/www.notaoficial.com\/s\/wp-json\/wp\/v2\/comments?post=7163"}],"version-history":[{"count":1,"href":"https:\/\/www.notaoficial.com\/s\/wp-json\/wp\/v2\/posts\/7163\/revisions"}],"predecessor-version":[{"id":7170,"href":"https:\/\/www.notaoficial.com\/s\/wp-json\/wp\/v2\/posts\/7163\/revisions\/7170"}],"wp:featuredmedia":[{"embeddable":true,"href":"https:\/\/www.notaoficial.com\/s\/wp-json\/wp\/v2\/media\/7167"}],"wp:attachment":[{"href":"https:\/\/www.notaoficial.com\/s\/wp-json\/wp\/v2\/media?parent=7163"}],"wp:term":[{"taxonomy":"category","embeddable":true,"href":"https:\/\/www.notaoficial.com\/s\/wp-json\/wp\/v2\/categories?post=7163"},{"taxonomy":"post_tag","embeddable":true,"href":"https:\/\/www.notaoficial.com\/s\/wp-json\/wp\/v2\/tags?post=7163"}],"curies":[{"name":"wp","href":"https:\/\/api.w.org\/{rel}","templated":true}]}}