{"id":7204,"date":"2019-12-10T02:10:12","date_gmt":"2019-12-10T06:10:12","guid":{"rendered":"http:\/\/www.notaoficial.com\/s\/?p=7204"},"modified":"2019-12-09T22:39:09","modified_gmt":"2019-12-10T02:39:09","slug":"exito-rotundo-de-venta-para-fib-2020","status":"publish","type":"post","link":"https:\/\/www.notaoficial.com\/s\/2019\/12\/10\/exito-rotundo-de-venta-para-fib-2020\/","title":{"rendered":"\u00c9xito rotundo de venta para FIB 2020"},"content":{"rendered":"<div><strong>En menos de 3 horas el festival de Benic\u00e0ssim consigue vender m\u00e1s de 25.000 abonos. Una cifra que superar a la cantidad total de entradas vendidas durante todo un a\u00f1o en la pasada edici\u00f3n. Un hito hist\u00f3rico que vuelve a posicionar al FIB entre los festivales m\u00e1s importantes y demandados del panorama nacional e internacional.<\/strong><\/p>\n<p>Muy pronto nuevos artistas se unir\u00e1n a un cartel que de momento cuenta con grandes nombres como Khalid, Vampire Weekend, Foals, The Libertines, The Kooks, Rita Ora o Martin Garrix. Los abonos a\u00fan pueden ser adquiridos desde 65\u20ac + gastos en <a href=\"http:\/\/fiberfib.trckacbm.com\/url\/ver\/43211600\/\/866307\/r9Zox81rishoJOvHXy7lkIwdDeBcNOXupyQPQznONB2agn1YovS4IHV89\" target=\"_blank\" rel=\"noopener\" data-saferedirecturl=\"https:\/\/www.google.com\/url?q=http:\/\/fiberfib.trckacbm.com\/url\/ver\/43211600\/\/866307\/r9Zox81rishoJOvHXy7lkIwdDeBcNOXupyQPQznONB2agn1YovS4IHV89&amp;source=gmail&amp;ust=1576030210779000&amp;usg=AFQjCNFZaEItCVikr5Bn11mfg9vg6KkFKA\">www.fiberfib.com<\/a> hasta este pr\u00f3ximo domingo 1 de diciembre.<\/p>\n<p>Las primeras confirmaciones del cartel consolidan la fuerte apuesta de car\u00e1cter nacional e internacional del FIB, reforzando su voluntad de acoger a un p\u00fablico inquieto por las diversas culturas musicales. De la escucha activa de sus seguidores y del trabajo exhaustivo de su equipo de programaci\u00f3n ya ha visto la luz un primer y potent\u00edsimo avance. Artistas consagrados de dimensi\u00f3n mundial (<strong>Khalid<\/strong>, <strong>Vampire Weekend,<\/strong> <strong>Armin Van Buuren<\/strong>, <strong>The Kooks<\/strong>, <strong>Rita Ora<\/strong>, <strong>Martin Garrix<\/strong>, <strong>Crystal Fighters<\/strong>, <strong>The Libertines<\/strong>, <strong>Don Diablo<\/strong>, <strong>Foals<\/strong>, <strong>The Lumineers<\/strong>, <strong>Steve Aoki<\/strong>, <strong>Kaiser Chiefs<\/strong>, <strong>The Hives <\/strong>o <strong>Digitalism<\/strong>), los grupos nacionales m\u00e1s relevantes del momento (<strong>Manel<\/strong>, <strong>Le\u00f3n Benavente<\/strong>, <strong>La Habitaci\u00f3n Roja<\/strong>, <strong>Tri\u00e1ngulo de Amor Bizarro<\/strong>, <strong>Hinds<\/strong>, <strong>Los Planetas <\/strong>+ <strong>Ni\u00f1o de Elche presentan Fuerza Nueva<\/strong>, <strong>Sidonie<\/strong> o <strong>Viva Suecia<\/strong>) y propuestas emergentes (<strong>Cari\u00f1o<\/strong> o <strong>Meduza<\/strong>) completan un amplio abanico estil\u00edstico.\n<\/div>\n<div><strong>CARTEL POR D\u00cdAS<\/strong><\/p>\n<p>+ JUEVES 16 DE JULIO<br \/>\nKhalid \/ Armin Van Buuren \/ The Kooks \/ Basement Jaxx dj set \/ Manel \/ Le\u00f3n Benavente&#8230;<\/p>\n<p>+ VIERNES 17 DE JULIO<br \/>\nVampire Weekend \/ Martin Garrix \/ Rita Ora \/ Crystal Fighters \/ Lil Pump \/ Example \/ Circa Waves \/ La Habitaci\u00f3n Roja \/ Tri\u00e1ngulo de Amor Bizarro \/ Hinds&#8230;<\/p>\n<p>+ S\u00c1BADO 18 DE JULIO<br \/>\nThe Libertines \/ Don Diablo \/ Fuerza Nueva (Los Planetas + Ni\u00f1o de Elche) \/ Meduza \/ Fuel Fandango \/ Elyella&#8230;<\/p>\n<p>+ DOMINGO 19 DE JULIO<br \/>\nFoals \/ The Lumineers \/ Steve Aoki \/ Kaiser Chiefs \/ The Hives \/ Digitalism Live \/ Sidonie \/ Viva Suecia \/ Cari\u00f1o&#8230;<\/p>\n<p><em>M\u00e1s info en <\/em><a href=\"http:\/\/fiberfib.trckacbm.com\/url\/ver\/43211600\/\/866307\/r9Zox81rishoJOvHXy7lkIwdDeBcNOXupyQPQznONB2agn1YovS4IHV89\" target=\"_blank\" rel=\"noopener\" data-saferedirecturl=\"https:\/\/www.google.com\/url?q=http:\/\/fiberfib.trckacbm.com\/url\/ver\/43211600\/\/866307\/r9Zox81rishoJOvHXy7lkIwdDeBcNOXupyQPQznONB2agn1YovS4IHV89&amp;source=gmail&amp;ust=1576030210779000&amp;usg=AFQjCNFZaEItCVikr5Bn11mfg9vg6KkFKA\"><em>www.fiberfib.com<\/em><\/a><\/div>\n","protected":false},"excerpt":{"rendered":"<p>En menos de 3 horas el festival de Benic\u00e0ssim consigue vender m\u00e1s de 25.000 abonos. Una cifra que superar a la cantidad total de entradas vendidas durante todo un a\u00f1o en la pasada edici\u00f3n. Un hito hist\u00f3rico que vuelve a posicionar al FIB entre los festivales m\u00e1s importantes y demandados del panorama nacional e internacional. [&hellip;]<\/p>\n","protected":false},"author":2,"featured_media":7214,"comment_status":"closed","ping_status":"open","sticky":false,"template":"","format":"standard","meta":[],"categories":[146],"tags":[8129,8133,8141,8135,8230,8136,8229,7547,8139,1725,8143,8142,6200,7675,8132,8228,8131,8146,8138,8140,8130,8134,8137,8144,8128,5661],"wppr_data":[],"_links":{"self":[{"href":"https:\/\/www.notaoficial.com\/s\/wp-json\/wp\/v2\/posts\/7204"}],"collection":[{"href":"https:\/\/www.notaoficial.com\/s\/wp-json\/wp\/v2\/posts"}],"about":[{"href":"https:\/\/www.notaoficial.com\/s\/wp-json\/wp\/v2\/types\/post"}],"author":[{"embeddable":true,"href":"https:\/\/www.notaoficial.com\/s\/wp-json\/wp\/v2\/users\/2"}],"replies":[{"embeddable":true,"href":"https:\/\/www.notaoficial.com\/s\/wp-json\/wp\/v2\/comments?post=7204"}],"version-history":[{"count":1,"href":"https:\/\/www.notaoficial.com\/s\/wp-json\/wp\/v2\/posts\/7204\/revisions"}],"predecessor-version":[{"id":7215,"href":"https:\/\/www.notaoficial.com\/s\/wp-json\/wp\/v2\/posts\/7204\/revisions\/7215"}],"wp:featuredmedia":[{"embeddable":true,"href":"https:\/\/www.notaoficial.com\/s\/wp-json\/wp\/v2\/media\/7214"}],"wp:attachment":[{"href":"https:\/\/www.notaoficial.com\/s\/wp-json\/wp\/v2\/media?parent=7204"}],"wp:term":[{"taxonomy":"category","embeddable":true,"href":"https:\/\/www.notaoficial.com\/s\/wp-json\/wp\/v2\/categories?post=7204"},{"taxonomy":"post_tag","embeddable":true,"href":"https:\/\/www.notaoficial.com\/s\/wp-json\/wp\/v2\/tags?post=7204"}],"curies":[{"name":"wp","href":"https:\/\/api.w.org\/{rel}","templated":true}]}}