{"id":7205,"date":"2019-12-09T22:13:06","date_gmt":"2019-12-10T02:13:06","guid":{"rendered":"http:\/\/www.notaoficial.com\/s\/?p=7205"},"modified":"2019-12-09T22:13:06","modified_gmt":"2019-12-10T02:13:06","slug":"la-rinitis-alergica-se-controla-pero-no-se-cura","status":"publish","type":"post","link":"https:\/\/www.notaoficial.com\/s\/2019\/12\/09\/la-rinitis-alergica-se-controla-pero-no-se-cura\/","title":{"rendered":"La rinitis al\u00e9rgica se controla pero no se cura"},"content":{"rendered":"<p>La rinitis al\u00e9rgica, que es una inflamaci\u00f3n de la mucosa nasal que se activa por la exposici\u00f3n a un determinado al\u00e9rgeno en personas previamente sensibilizadas, se controla pero no se cura.<\/p>\n<p>La \u00a0m\u00e9dico otorrinolaring\u00f3loga Ligia Acosta, explic\u00f3 que esta reacci\u00f3n puede tener componentes gen\u00e9ticos, por lo que puede acompa\u00f1ar a una persona a lo largo de la vida. \u201cSe caracteriza por prurito o picor, secreci\u00f3n acuosa, estornudos y congesti\u00f3n nasal. Con mucha frecuencia es acompa\u00f1ada por s\u00edntomas oculares como conjuntivitis, prurito ocular y lagrimeo\u201d, expres\u00f3.<\/p>\n<p>Indic\u00f3 que este trastorno generalmente se desencadena por diversos tipos de al\u00e9rgenos, principalmente los \u00e1caros del polvo, el polen, el epitelio y la orina de ciertos animales, el moho, los hongos, el humo de cigarrillo, y la contaminaci\u00f3n ambiental.<\/p>\n<p>La especialista expres\u00f3 que entre los factores de riesgo de la rinitis est\u00e1n una sensibilizaci\u00f3n a edad temprana, factores gen\u00e9ticos, familiares, y al\u00e9rgicos, as\u00ed como ambientes con presencia de animales con pelo o plumas, plantas, y al\u00e9rgenos alimentarios.<\/p>\n<p>La tambi\u00e9n presidenta de la Presidenta de la Sociedad Venezolana de Otorrinolaringolog\u00eda indic\u00f3 que el tratamiento se basa en tres pilares: identificar y eliminar los al\u00e9rgenos desencadenantes, aplicar medidas preventivas para evitar la exacerbaci\u00f3n de la sintomatolog\u00eda al\u00e9rgica, y f\u00e1rmacos.<\/p>\n<p><strong>Acciones preventivas<\/strong><\/p>\n<p>Acosta resalt\u00f3 que \u201cel tratamiento con medicamentos no sirve de mucho si no se toman medidas para mejorar el medio ambiente\u201d. Por ello recomend\u00f3 evitar contacto con al\u00e9rgenos ambientales, principalmente el humo de cigarrillo, insecticidas, ambientadores, aerosoles, barnices, y pinturas.<\/p>\n<p>\u201cDeben retirarse peluches, cojines y mu\u00f1ecos de trapo de la habitaci\u00f3n donde se duerme. En el caso de ni\u00f1os los juguetes deben ser lavables. Asimismo, se deben evitar los muebles innecesarios y estanter\u00edas donde se pueda acumular el polvo en las habitaciones\u201d, manifest\u00f3.<\/p>\n<p>Acosta expres\u00f3 que no se debe guardar la ropa h\u00fameda ni almacenar la de lana en la habitaci\u00f3n. \u201cHay que cubrir los colchones y almohadas con telas que se puedan lavar frecuentemente y hacer lo propio con la ropa de cama y las frazadas\u201d, acot\u00f3. Tambi\u00e9n es necesario evitar las mascotas como perros, gatos y loros dentro del hogar.<\/p>\n<p>La especialista resalt\u00f3 que el tratamiento farmacol\u00f3gico es a base de antihistam\u00ednicos, \u00a0antial\u00e9rgicos y esteroides, que depender\u00e1n su indicaci\u00f3n de la severidad de la rinitis al\u00e9rgica.<\/p>\n<p>\u201cFrecuentemente se presentan cuadros moderados persistentes o intermitentes, \u00a0recomend\u00e1ndose antihistam\u00ednicos o antial\u00e9rgicos de tercera generaci\u00f3n con menos efectos colaterales como la Fexofenadina actualmente distribuida por un Laboratorio Farmac\u00e9utico de producci\u00f3n Nacional\u201d, \u00a0explic\u00f3.<\/p>\n<p>Agreg\u00f3 que se plantea la alternativa de tratamiento quir\u00fargico para mejorar la ventilaci\u00f3n nasal en aquellos casos en los que la rinitis \u201cno responda eficazmente al tratamiento m\u00e9dico y se han producido alteraciones estructurales de la mucosa de los cornetes nasales provocando obstrucci\u00f3n nasal permanente con reiteradas complicaciones rinosinusales\u201d.<\/p>\n<p>Laboratorios Calox International, a trav\u00e9s de sus productos Gen\u00e9ricos distribuyen la Fexofenadina para aliviar los s\u00edntomas de la rinitis al\u00e9rgica.<\/p>\n","protected":false},"excerpt":{"rendered":"<p>La rinitis al\u00e9rgica, que es una inflamaci\u00f3n de la mucosa nasal que se activa por la exposici\u00f3n a un determinado al\u00e9rgeno en personas previamente sensibilizadas, se controla pero no se cura. La \u00a0m\u00e9dico otorrinolaring\u00f3loga Ligia Acosta, explic\u00f3 que esta reacci\u00f3n puede tener componentes gen\u00e9ticos, por lo que puede acompa\u00f1ar a una persona a lo largo [&hellip;]<\/p>\n","protected":false},"author":2,"featured_media":7206,"comment_status":"closed","ping_status":"open","sticky":false,"template":"","format":"standard","meta":[],"categories":[93,7233,2],"tags":[8208,7823,1485],"wppr_data":[],"_links":{"self":[{"href":"https:\/\/www.notaoficial.com\/s\/wp-json\/wp\/v2\/posts\/7205"}],"collection":[{"href":"https:\/\/www.notaoficial.com\/s\/wp-json\/wp\/v2\/posts"}],"about":[{"href":"https:\/\/www.notaoficial.com\/s\/wp-json\/wp\/v2\/types\/post"}],"author":[{"embeddable":true,"href":"https:\/\/www.notaoficial.com\/s\/wp-json\/wp\/v2\/users\/2"}],"replies":[{"embeddable":true,"href":"https:\/\/www.notaoficial.com\/s\/wp-json\/wp\/v2\/comments?post=7205"}],"version-history":[{"count":1,"href":"https:\/\/www.notaoficial.com\/s\/wp-json\/wp\/v2\/posts\/7205\/revisions"}],"predecessor-version":[{"id":7207,"href":"https:\/\/www.notaoficial.com\/s\/wp-json\/wp\/v2\/posts\/7205\/revisions\/7207"}],"wp:featuredmedia":[{"embeddable":true,"href":"https:\/\/www.notaoficial.com\/s\/wp-json\/wp\/v2\/media\/7206"}],"wp:attachment":[{"href":"https:\/\/www.notaoficial.com\/s\/wp-json\/wp\/v2\/media?parent=7205"}],"wp:term":[{"taxonomy":"category","embeddable":true,"href":"https:\/\/www.notaoficial.com\/s\/wp-json\/wp\/v2\/categories?post=7205"},{"taxonomy":"post_tag","embeddable":true,"href":"https:\/\/www.notaoficial.com\/s\/wp-json\/wp\/v2\/tags?post=7205"}],"curies":[{"name":"wp","href":"https:\/\/api.w.org\/{rel}","templated":true}]}}