{"id":7216,"date":"2019-12-11T00:19:18","date_gmt":"2019-12-11T04:19:18","guid":{"rendered":"http:\/\/www.notaoficial.com\/s\/?p=7216"},"modified":"2019-12-10T20:26:54","modified_gmt":"2019-12-11T00:26:54","slug":"revolver-cumple-30-anos-y-lo-celebra-con-una-gira-que-recoge-toda-su-carrera-en-canciones","status":"publish","type":"post","link":"https:\/\/www.notaoficial.com\/s\/2019\/12\/11\/revolver-cumple-30-anos-y-lo-celebra-con-una-gira-que-recoge-toda-su-carrera-en-canciones\/","title":{"rendered":"Revolver cumple 30 a\u00f1os y lo celebra con una gira que recoge toda su carrera en canciones"},"content":{"rendered":"<p>Hace menos de un a\u00f1o que Revolver publicaba nuevo trabajo discogr\u00e1fico grabado en directo, B\u00e1sico IV (Compa\u00f1\u00eda de Canciones &#8211; Altafonte 2019). Con este disco que llegaba trece a\u00f1os despu\u00e9s de la salida del anterior ac\u00fastico y veinticinco desde el B\u00e1sico I, un trabajo inolvidable que supuso un antes y un despu\u00e9s en la historia de la m\u00fasica de este pa\u00eds, Revolver se coloc\u00f3 en el n\u00famero 3 de la lista de ventas y comenz\u00f3 a girar con toda su banda por teatros y auditorios al aire libre.<\/p>\n<p>Cuando todav\u00eda est\u00e1 inmerso Carlos Go\u00f1i en esta aventura del B\u00e1sico IV, nos acercamos a 2020, a\u00f1o en el que Revolver cumple 30 a\u00f1os y en el que se embarca en una nueva gira que conmemora este aniversario. \u201cRevolver, 30 A\u00f1os\u201d es una frase corta, sencilla y aparentemente f\u00e1cil de leer. Pero detr\u00e1s de ella se condensa un concierto y una gira que recoge toda una vida en su vertiente art\u00edstica, profesional y personal. Puede que la trayectoria de Revolver sea conocida por todos y todas pero este concierto \u00fanico pretende poner m\u00fasica a toda esa vivencia. Son las canciones de Revolver -de Carlos Go\u00f1i- las que han alumbrado el camino durante estos 30 a\u00f1os y es el momento de hacerles un peque\u00f1o homenaje y enmarcarlas dentro de la carrera de la banda.<\/p>\n<p>En \u00abRevolver, 30 A\u00f1os\u00bb estar\u00e1n los himnos de siempre, no pueden faltar en esta celebraci\u00f3n. Tambi\u00e9n habr\u00e1 canciones menos habituales -que tienen un lugar muy importante- y un buen n\u00famero de sorpresas para hacer cada concierto un momento inolvidable. Lo que es seguro es que cada uno de los conciertos ser\u00e1 \u00fanico e inolvidable, un encuentro m\u00e1gico entre el p\u00fablico y el artista en un clima de celebraci\u00f3n \u00fanico. El concierto de \u00abRevolver, 30 A\u00f1os\u00bb es un acontecimiento que nadie deber\u00eda perderse.<\/p>\n<p>Las fechas de momento confirmadas de \u00abRevolver, 30 A\u00f1os\u00bb son: Madrid (30 diciembre), Zaragoza (22 febrero), Granada (29 febrero), Barcelona (3 y 4 de marzo), Oviedo (12 de marzo), Badajoz (14 marzo), Getxo (27 marzo), Val\u00e8ncia (28 marzo), Molina de Segura (4 abril), D\u00e9nia (18 abril), C\u00e1diz (15 mayo), Alicante (28 mayo), Alc\u00e1zar de San Juan (29 mayo). Las entradas est\u00e1n ya a la venta en www.gruporevolver.es.<br \/>\nGIRA \u00abREVOLVER, 30 A\u00d1OS\u00bb<\/p>\n<p>30 de diciembre. Madrid. Teatro Nuevo Apolo.<br \/>\n22 de febrero. Zaragoza. Teatro Principal.<br \/>\n29 de febrero. Granada. Auditorio Manuel de Falla.<br \/>\n3 y 4 de marzo. Barcelona. Sala Luz de Gas.<br \/>\n12 de marzo. Oviedo. Teatro Campoamor.<br \/>\n14 de marzo. Badajoz. Teatro L\u00f3pez de Ayala.<br \/>\n27 de marzo. Getxo (Bizcaia). Teatro Muxikeberri.<br \/>\n28 de marzo. Val\u00e8ncia. Palau de Les Arts.<br \/>\n4 de abril. Molina de Segura (Murcia). Teatro Villa de Molina.<br \/>\n18 de abril. D\u00e9nia (Alicante). Sala Condado.<br \/>\n15 de mayo. C\u00e1diz. Teatro Manuel de Falla.<br \/>\n28 de mayo. Alicante. Teatro Principal.<br \/>\n29 de mayo. Alc\u00e1zar de San Juan (Ciudad Real). Teatro Auditorio Municipal<\/p>\n","protected":false},"excerpt":{"rendered":"<p>Hace menos de un a\u00f1o que Revolver publicaba nuevo trabajo discogr\u00e1fico grabado en directo, B\u00e1sico IV (Compa\u00f1\u00eda de Canciones &#8211; Altafonte 2019). Con este disco que llegaba trece a\u00f1os despu\u00e9s de la salida del anterior ac\u00fastico y veinticinco desde el B\u00e1sico I, un trabajo inolvidable que supuso un antes y un despu\u00e9s en la historia [&hellip;]<\/p>\n","protected":false},"author":2,"featured_media":0,"comment_status":"closed","ping_status":"open","sticky":false,"template":"","format":"standard","meta":[],"categories":[146],"tags":[3657],"wppr_data":[],"_links":{"self":[{"href":"https:\/\/www.notaoficial.com\/s\/wp-json\/wp\/v2\/posts\/7216"}],"collection":[{"href":"https:\/\/www.notaoficial.com\/s\/wp-json\/wp\/v2\/posts"}],"about":[{"href":"https:\/\/www.notaoficial.com\/s\/wp-json\/wp\/v2\/types\/post"}],"author":[{"embeddable":true,"href":"https:\/\/www.notaoficial.com\/s\/wp-json\/wp\/v2\/users\/2"}],"replies":[{"embeddable":true,"href":"https:\/\/www.notaoficial.com\/s\/wp-json\/wp\/v2\/comments?post=7216"}],"version-history":[{"count":1,"href":"https:\/\/www.notaoficial.com\/s\/wp-json\/wp\/v2\/posts\/7216\/revisions"}],"predecessor-version":[{"id":7228,"href":"https:\/\/www.notaoficial.com\/s\/wp-json\/wp\/v2\/posts\/7216\/revisions\/7228"}],"wp:attachment":[{"href":"https:\/\/www.notaoficial.com\/s\/wp-json\/wp\/v2\/media?parent=7216"}],"wp:term":[{"taxonomy":"category","embeddable":true,"href":"https:\/\/www.notaoficial.com\/s\/wp-json\/wp\/v2\/categories?post=7216"},{"taxonomy":"post_tag","embeddable":true,"href":"https:\/\/www.notaoficial.com\/s\/wp-json\/wp\/v2\/tags?post=7216"}],"curies":[{"name":"wp","href":"https:\/\/api.w.org\/{rel}","templated":true}]}}