{"id":7234,"date":"2019-12-13T10:31:14","date_gmt":"2019-12-13T14:31:14","guid":{"rendered":"http:\/\/www.notaoficial.com\/s\/?p=7234"},"modified":"2019-12-13T08:33:38","modified_gmt":"2019-12-13T12:33:38","slug":"las-flores-de-colombia-llegan-al-art-basel-miami","status":"publish","type":"post","link":"https:\/\/www.notaoficial.com\/s\/2019\/12\/13\/las-flores-de-colombia-llegan-al-art-basel-miami\/","title":{"rendered":"Las flores de Colombia llegan al Art Basel Miami"},"content":{"rendered":"<p align=\"justify\">Los floristas de Colombia, que se han convertido en uno de los principales embajadores de este pa\u00eds, se alistan para acompa\u00f1ar en su encuentro anual a los invitados internacionales que el Art Basel reunir\u00e1 en el Perez Art Museum Miami (PAMM) a partir este martes 3 de diciembre del presente a\u00f1o.<\/p>\n<p align=\"justify\">De esta forma, la Asociaci\u00f3n Colombiana de Exportadores de Flores, Asocolflores, contin\u00faa desarrollando una estrategia que le ha permitido en los dos \u00faltimos a\u00f1os consolidarse como uno de los jugadores m\u00e1s importantes del mercado de la cultura, la moda y el estilo de vida a nivel mundial.<\/p>\n<p align=\"justify\">Durante el Art Basel se desarrollar\u00e1n actividades culturales en diferentes escenarios de Miami y se expondr\u00e1 una selecci\u00f3n internacional de m\u00e1s de 220 galer\u00edas, l\u00edderes en los cinco continentes.<\/p>\n<p align=\"justify\">Asocolflores patrocinar\u00e1 la exposici\u00f3n del PAMM, considerada una de la m\u00e1s significativas de este evento.<\/p>\n<p align=\"justify\">10.000 tallos de flores y cerca de 3.000 de follajes viajar\u00e1n desde Colombia para adornar con sus colores, olores y texturas las actividades que se desarrollar\u00e1n en este museo, reconocido mundialmente por conservar obras de arte internacional producidas desde mitad del siglo XX hasta el presente.<\/p>\n<p align=\"justify\">Miami es una de las ciudades m\u00e1s ic\u00f3nicas de la cultura y el consumo mundial, y Asocolflores montar\u00e1 en el PAMM una serie de impresionantes instalaciones florales que estar\u00e1n exhibidas junto a obras de los m\u00e1s reconocidos artistas internacionales de la pintura, la escultura y las artes audiovisuales y digitales.<\/p>\n<p align=\"justify\">La ocasi\u00f3n no puede tener mayor importancia, este a\u00f1o se celebra la versi\u00f3n n\u00famero 30 del Art Basel y los claveles, las rosas y los crisantemos nacionales estar\u00e1n tambi\u00e9n en el sal\u00f3n VIP del PAMM, acompa\u00f1ando los muebles de Roche Bobois, l\u00edder internacional del mobiliario de alta gama y la decoraci\u00f3n y log\u00edstica de Panache Events, empresa reconocida mundialmente por su innovaci\u00f3n a la hora de montar eventos y espect\u00e1culos.<\/p>\n<p align=\"justify\">Y como si fuera poco, los floristas nacionales intervendr\u00e1n el bar del Museo, considerada la estructura m\u00e1s grande desarrollada hasta el momento mediante impresi\u00f3n en 3 dimensiones, exhibir\u00e1n una pared de flores de 25 metros cuadrados que recibir\u00e1 a los cerca de 55 mil asistentes que se esperan y estar\u00e1n presentes en las cenas de gala organizada por la Fundaci\u00f3n Ford en honor a los amantes del arte, sus patrocinadores y auspiciadores.<\/p>\n<p align=\"justify\">\u201cLa estrategia de Asocolflores y su concepto \u201cDiversidad que inspira\u201d genera nuevos espacios de visibilidad para la floricultura colombiana. Queremos que m\u00e1s personas prefieran nuestras flores, pero que tambi\u00e9n las consuman m\u00e1s frecuentemente. As\u00ed, realizamos alianzas con importadores, marcas y boutiques de todo el mundo, y ahora en Estados Unidos nos hacemos presentes en el Art Basel para mostrar c\u00f3mo las flores son una inspiraci\u00f3n para los artistas, pero tambi\u00e9n son una obra de arte en s\u00ed mismas\u201d, asegur\u00f3 Eliana Alzate, directora de mercadeo.<\/p>\n<p>&nbsp;<\/p>\n","protected":false},"excerpt":{"rendered":"<p>Los floristas de Colombia, que se han convertido en uno de los principales embajadores de este pa\u00eds, se alistan para acompa\u00f1ar en su encuentro anual a los invitados internacionales que el Art Basel reunir\u00e1 en el Perez Art Museum Miami (PAMM) a partir este martes 3 de diciembre del presente a\u00f1o. De esta forma, la [&hellip;]<\/p>\n","protected":false},"author":2,"featured_media":7235,"comment_status":"closed","ping_status":"open","sticky":false,"template":"","format":"standard","meta":[],"categories":[146],"tags":[2677,8237,8238,8239,8236,8235],"wppr_data":[],"_links":{"self":[{"href":"https:\/\/www.notaoficial.com\/s\/wp-json\/wp\/v2\/posts\/7234"}],"collection":[{"href":"https:\/\/www.notaoficial.com\/s\/wp-json\/wp\/v2\/posts"}],"about":[{"href":"https:\/\/www.notaoficial.com\/s\/wp-json\/wp\/v2\/types\/post"}],"author":[{"embeddable":true,"href":"https:\/\/www.notaoficial.com\/s\/wp-json\/wp\/v2\/users\/2"}],"replies":[{"embeddable":true,"href":"https:\/\/www.notaoficial.com\/s\/wp-json\/wp\/v2\/comments?post=7234"}],"version-history":[{"count":1,"href":"https:\/\/www.notaoficial.com\/s\/wp-json\/wp\/v2\/posts\/7234\/revisions"}],"predecessor-version":[{"id":7236,"href":"https:\/\/www.notaoficial.com\/s\/wp-json\/wp\/v2\/posts\/7234\/revisions\/7236"}],"wp:featuredmedia":[{"embeddable":true,"href":"https:\/\/www.notaoficial.com\/s\/wp-json\/wp\/v2\/media\/7235"}],"wp:attachment":[{"href":"https:\/\/www.notaoficial.com\/s\/wp-json\/wp\/v2\/media?parent=7234"}],"wp:term":[{"taxonomy":"category","embeddable":true,"href":"https:\/\/www.notaoficial.com\/s\/wp-json\/wp\/v2\/categories?post=7234"},{"taxonomy":"post_tag","embeddable":true,"href":"https:\/\/www.notaoficial.com\/s\/wp-json\/wp\/v2\/tags?post=7234"}],"curies":[{"name":"wp","href":"https:\/\/api.w.org\/{rel}","templated":true}]}}