{"id":7258,"date":"2019-12-16T05:19:51","date_gmt":"2019-12-16T09:19:51","guid":{"rendered":"http:\/\/www.notaoficial.com\/s\/?p=7258"},"modified":"2019-12-15T23:23:39","modified_gmt":"2019-12-16T03:23:39","slug":"la-amigdalitis-aguda-es-una-afeccion-comun-en-la-infancia","status":"publish","type":"post","link":"https:\/\/www.notaoficial.com\/s\/2019\/12\/16\/la-amigdalitis-aguda-es-una-afeccion-comun-en-la-infancia\/","title":{"rendered":"La amigdalitis aguda es una afecci\u00f3n com\u00fan en la infancia"},"content":{"rendered":"<p>La amigdalitis aguda\u00a0 es una afecci\u00f3n muy com\u00fan en la infancia, pero tambi\u00e9n se presenta en adultos aunque con menos frecuencia. Consiste en una respuesta inflamatoria de las am\u00edgdalas palatinas en respuesta la agresi\u00f3n de g\u00e9rmenes contaminantes.<\/p>\n<p>La m\u00e9dico otorrinolaring\u00f3loga Ligia Acosta explic\u00f3 que \u201clas am\u00edgdalas constituyen la primera l\u00ednea de defensa de la encrucijada a\u00e9reo digestiva. Es la primera estaci\u00f3n donde se contacta con g\u00e9rmenes e irritantes\u201d.<\/p>\n<p>La tambi\u00e9n presidenta de la Presidenta de la Sociedad Venezolana de Otorrinolaringolog\u00eda indic\u00f3 que los s\u00edntomas de esta inflamaci\u00f3n corresponden a dolor para tragar, fiebre, mal aliento y malestar general. \u201cSe aprecian las am\u00edgdalas rojas, congestivas con placas blancas sobre su superficie, aumentadas de tama\u00f1o, o puntos rojos en el paladar\u201d, expres\u00f3.<\/p>\n<p>Explic\u00f3 que los padres pueden tomar medidas para prevenir que sus ni\u00f1os sufran esta afecci\u00f3n. \u201cLa primera es cuidar la higiene: los chicos no deben llevarse\u00a0 objetos a la boca, ni compartir vasos o utensilios con familiares ni con desconocidos\u201d.<\/p>\n<p>\u201cSi se registra una infecci\u00f3n recurrente es conveniente chequear que otro miembro de la familia no sea portador de la bacteria Estreptococo. Tambi\u00e9n se debe tratar con prontitud el reflujo g\u00e1strico porque provoca inflamaci\u00f3n far\u00edngea favoreciendo a \u00a0la contaminaci\u00f3n bacteriana de las am\u00edgdalas\u201d, manifest\u00f3.<\/p>\n<p><strong>Causas y tratamientos<\/strong><\/p>\n<p>La especialista indic\u00f3 que las infecciones en las am\u00edgdalas pueden ser causadas por g\u00e9rmenes tipo virus, bacterias u hongos. \u201cGeneralmente lo m\u00e1s frecuente es que la amigdalitis aguda es causada por virus.\u00a0 En el caso de bacterias, el germen por excelencia es el estreptococo beta hemol\u00edtico del grupo A, en un 70% de los casos\u201d, acot\u00f3.<\/p>\n<p>Con respecto a las infecciones por hongos, la m\u00e1s frecuente es la producida por la c\u00e1ndida albicans, y se registra en especial en personas con alteraciones en su sistema inmunol\u00f3gico, bien sea cong\u00e9nito\u00a0 o adquirido,\u00a0\u00a0 o por\u00a0 tratamiento tipo quimioterapia o radioterapia.<\/p>\n<p>La m\u00e9dico indic\u00f3 que el tratamiento de la amigdalitis aguda viral incluye hidrataci\u00f3n, analg\u00e9sicos y antiinflamatorios. \u201cEn las agudas bacterianas tambi\u00e9n se prescriben antibi\u00f3ticos, generalmente a base de penicilina, considerando la sensibilidad del germen a este antibi\u00f3tico\u201d, precis\u00f3.<\/p>\n<p>En caso de resistencia al tratamiento al tratamiento con penicilina se sugieren antibi\u00f3ticos betalact\u00e1micos o penicilinas potenciadas. \u201cDe \u00a0no haber mejor\u00eda con las opciones previas o los pacientes tienen antecedentes de procesos recurrentes o cr\u00f3nicos, existe la alternativa de usar quinolonas respiratorias como la Ciprofloxacina o Levofloxacino\u201d<\/p>\n<p>\u201cHay casos de personas\u00a0 con episodios recurrentes de infecci\u00f3n\u00a0 o amigdalitis\u00a0 cr\u00f3nica, en las cuales las am\u00edgdalas van perdiendo su funci\u00f3n de protecci\u00f3n y filtro de la v\u00eda respiratoria\u201d, manifest\u00f3 la especialista.<\/p>\n<p>Cuando las amigdalitis agudas bacterianas \u201cse hacen recurrentes y se presentan m\u00e1s de 3 episodios en 6 meses o m\u00e1s de 4 en un a\u00f1o, tiene indicaciones de extirpaci\u00f3n quir\u00fargica, a fin de evitar complicaciones posteriores por los procesos infecciosos reiterativos\u201d. Acot\u00f3 que tambi\u00e9n es necesario operar en aquellos casos en que las am\u00edgdalas causen obstrucci\u00f3n de la v\u00eda respiratoria con apnea del sue\u00f1o.<\/p>\n","protected":false},"excerpt":{"rendered":"<p>La amigdalitis aguda\u00a0 es una afecci\u00f3n muy com\u00fan en la infancia, pero tambi\u00e9n se presenta en adultos aunque con menos frecuencia. Consiste en una respuesta inflamatoria de las am\u00edgdalas palatinas en respuesta la agresi\u00f3n de g\u00e9rmenes contaminantes. La m\u00e9dico otorrinolaring\u00f3loga Ligia Acosta explic\u00f3 que \u201clas am\u00edgdalas constituyen la primera l\u00ednea de defensa de la encrucijada [&hellip;]<\/p>\n","protected":false},"author":2,"featured_media":7259,"comment_status":"closed","ping_status":"open","sticky":false,"template":"","format":"standard","meta":[],"categories":[140,2],"tags":[1485,1482],"wppr_data":[],"_links":{"self":[{"href":"https:\/\/www.notaoficial.com\/s\/wp-json\/wp\/v2\/posts\/7258"}],"collection":[{"href":"https:\/\/www.notaoficial.com\/s\/wp-json\/wp\/v2\/posts"}],"about":[{"href":"https:\/\/www.notaoficial.com\/s\/wp-json\/wp\/v2\/types\/post"}],"author":[{"embeddable":true,"href":"https:\/\/www.notaoficial.com\/s\/wp-json\/wp\/v2\/users\/2"}],"replies":[{"embeddable":true,"href":"https:\/\/www.notaoficial.com\/s\/wp-json\/wp\/v2\/comments?post=7258"}],"version-history":[{"count":1,"href":"https:\/\/www.notaoficial.com\/s\/wp-json\/wp\/v2\/posts\/7258\/revisions"}],"predecessor-version":[{"id":7260,"href":"https:\/\/www.notaoficial.com\/s\/wp-json\/wp\/v2\/posts\/7258\/revisions\/7260"}],"wp:featuredmedia":[{"embeddable":true,"href":"https:\/\/www.notaoficial.com\/s\/wp-json\/wp\/v2\/media\/7259"}],"wp:attachment":[{"href":"https:\/\/www.notaoficial.com\/s\/wp-json\/wp\/v2\/media?parent=7258"}],"wp:term":[{"taxonomy":"category","embeddable":true,"href":"https:\/\/www.notaoficial.com\/s\/wp-json\/wp\/v2\/categories?post=7258"},{"taxonomy":"post_tag","embeddable":true,"href":"https:\/\/www.notaoficial.com\/s\/wp-json\/wp\/v2\/tags?post=7258"}],"curies":[{"name":"wp","href":"https:\/\/api.w.org\/{rel}","templated":true}]}}